{"id":11908,"date":"2024-05-06T07:05:47","date_gmt":"2024-05-06T05:05:47","guid":{"rendered":"https:\/\/www.serenty.es\/?p=11908"},"modified":"2024-05-15T12:04:15","modified_gmt":"2024-05-15T10:04:15","slug":"multi-talento-la-palabra-clave-la-gestion-moderna-los-almacenes","status":"publish","type":"post","link":"https:\/\/www.serenty.es\/en\/noticias\/multi-talento-la-palabra-clave-la-gestion-moderna-los-almacenes\/","title":{"rendered":"Multi-Talento es la palabra clave para la gesti\u00f3n moderna de los almacenes"},"content":{"rendered":"<h2>La importancia de la gesti\u00f3n de almacenes en la cadena de suministro<\/h2>\n<p>La <a href=\"https:\/\/www.serenty.es\/en\/consultoria-de-procesos\/gestion-de-almacenes\/\">gesti\u00f3n de almacenes<\/a> es una tarea que a menudo se subestima, pero en la era actual de la cadena de suministro, su relevancia es crucial. Aunque administrar la cadena de suministro suena como una tarea seria, la idea de que la gesti\u00f3n de almacenes se pueda hacer manualmente es obsoleta. En la actualidad, la gesti\u00f3n del almacenamiento y el comercio electr\u00f3nico multicanal se ha convertido en una de las partes m\u00e1s complejas de la cadena de suministro.<\/p>\n<h2>Complejidad en la Gesti\u00f3n de Almacenes<\/h2>\n<p>Ya no se trata solo de mantener las cosas en orden; ahora implica almacenar y entregar productos en el menor tiempo posible y al costo m\u00e1s bajo. Este desaf\u00edo se intensifica cuando se maneja un gran inventario con miles de art\u00edculos y se trabaja con numerosos proveedores. La gesti\u00f3n eficiente del almac\u00e9n, por lo tanto, exige habilidades y competencias m\u00faltiples.<\/p>\n<p>No basta con ser un buen l\u00edder o dominar la tecnolog\u00eda. La gesti\u00f3n moderna de almacenes requiere ser competente en ambos aspectos. Adem\u00e1s, se necesita la capacidad de adaptarse a las nuevas innovaciones en los sistemas de gesti\u00f3n de almacenes (WMS) y de comunicar y vender esas innovaciones al personal del almac\u00e9n y a los responsables de la empresa.<\/p>\n<p><img loading=\"lazy\" decoding=\"async\" class=\"wp-image-13152 size-full alignleft\" src=\"https:\/\/www.serenty.es\/wp-content\/uploads\/2020\/10\/imagen-almacen.jpg\" alt=\"Gesti\u00f3n de almacenes - Almac\u00e9n\" width=\"910\" height=\"512\" srcset=\"https:\/\/www.serenty.es\/wp-content\/uploads\/2020\/10\/imagen-almacen.jpg 910w, https:\/\/www.serenty.es\/wp-content\/uploads\/2020\/10\/imagen-almacen-300x169.jpg 300w, https:\/\/www.serenty.es\/wp-content\/uploads\/2020\/10\/imagen-almacen-768x432.jpg 768w\" sizes=\"(max-width: 910px) 100vw, 910px\" \/><\/p>\n<h2>Desaf\u00edo de Encontrar L\u00edderes con Habilidades M\u00faltiples<\/h2>\n<p>Es dif\u00edcil encontrar gerentes de almac\u00e9n que posean tanto habilidades de liderazgo como habilidades tecnol\u00f3gicas. Aquellos que las tienen son realmente valiosos, ya que pueden aprovechar al m\u00e1ximo el potencial del almac\u00e9n. Imagina tener un equipo feliz en tu empresa que utiliza su mente y se beneficia de las nuevas tecnolog\u00edas. \u00a1Pueden lograr maravillas!<\/p>\n<h2>El Valor de los L\u00edderes Adaptativos<\/h2>\n<p>Los grandes l\u00edderes que reconocen el potencial de su personal, escuchan sus ideas y se adaptan a la tecnolog\u00eda para obtener la m\u00e1xima eficiencia son realmente excepcionales. Si cuentas con un l\u00edder de almac\u00e9n con habilidades m\u00faltiples en tu empresa, aseg\u00farate de retenerlo. La gesti\u00f3n del almac\u00e9n no se trata solo de presionar al personal para que trabaje m\u00e1s r\u00e1pido o de contar con la \u00faltima tecnolog\u00eda para reducir costos.<\/p>\n<h2>Motivaci\u00f3n del Personal y Tecnolog\u00eda: Claves del \u00c9xito<\/h2>\n<p>Se trata de motivar al personal y aprovechar todo su potencial junto con el uso \u00f3ptimo de la tecnolog\u00eda. La gesti\u00f3n moderna de almacenes se basa en el concepto de &#8220;Multi-Talento&#8221;. No olvides esta palabra clave para el \u00e9xito en la gesti\u00f3n de almacenes.<\/p>\n<h3>1. \u00bfPor qu\u00e9 la gesti\u00f3n de almacenes es crucial en la cadena de suministro?<\/h3>\n<p><em>La gesti\u00f3n de almacenes asegura una distribuci\u00f3n eficiente de productos, minimizando tiempos y costos.<\/em><\/p>\n<h3>2. \u00bfCu\u00e1les son las habilidades esenciales de un l\u00edder de almac\u00e9n?<\/h3>\n<p><em>Un l\u00edder de almac\u00e9n exitoso debe tener habilidades de liderazgo, competencia tecnol\u00f3gica y capacidad de adaptaci\u00f3n.<\/em><\/p>\n<h3>3. \u00bfC\u00f3mo afecta la gesti\u00f3n eficiente del almac\u00e9n a la satisfacci\u00f3n del cliente?<\/h3>\n<p><em>Una gesti\u00f3n eficiente del almac\u00e9n garantiza entregas r\u00e1pidas y precisas, mejorando la satisfacci\u00f3n del cliente.<\/em><\/p>\n<h3>4. \u00bfQu\u00e9 significa el concepto de &#8220;Multi-Talento&#8221; en la gesti\u00f3n de almacenes?<\/h3>\n<p><em>El &#8220;Multi-Talento&#8221; implica tener habilidades tanto de liderazgo como tecnol\u00f3gicas para optimizar el rendimiento del almac\u00e9n.<\/em><\/p>\n<h3>5. \u00bfC\u00f3mo retener a un l\u00edder de almac\u00e9n valioso en la empresa?<\/h3>\n<p><em>Ofrecer incentivos, reconocimiento y oportunidades de crecimiento puede ayudar a retener a l\u00edderes de almac\u00e9n talentosos.<\/em><\/p>\n<h2>Conclusi\u00f3n<\/h2>\n<p>En conclusi\u00f3n, la gesti\u00f3n de almacenes va m\u00e1s all\u00e1 de simplemente mantener las cosas en orden. Requiere l\u00edderes con habilidades m\u00faltiples que puedan adaptarse a las nuevas tecnolog\u00edas. La motivaci\u00f3n del personal y el uso eficiente de la tecnolog\u00eda son claves para el \u00e9xito en la gesti\u00f3n moderna de almacenes. Recordar el concepto de &#8220;Multi-Talento&#8221; es esencial para superar los desaf\u00edos actuales y alcanzar la m\u00e1xima eficiencia en la cadena de suministro.<\/p>\n<p><a href=\"https:\/\/www.serenty.es\/en\/contacto\/\">\u00bfHablamos?<\/a><\/p>\n<p><a href=\"https:\/\/www.serenty.es\/en\/noticias\/\"><b>\u00a1No te pierdas art\u00edculos interesantes en nuestra web!<\/b><\/a><\/p>\n<p><strong>Descubre m\u00e1s sobre nosotros o ponte en contacto para consultar m\u00e1s informaci\u00f3n desde redes sociales:<\/strong><\/p>\n<ul>\n<li><a href=\"https:\/\/www.facebook.com\/SerentyConsulting\">Facebook.<\/a><\/li>\n<li><a href=\"https:\/\/twitter.com\/i\/flow\/login?redirect_after_login=%2FSerenty_ES\">Twitter.<\/a><\/li>\n<li><a href=\"https:\/\/www.linkedin.com\/company\/serenty-process-consulting\/\">Linkedin.<\/a><\/li>\n<\/ul>\n","protected":false},"excerpt":{"rendered":"<p>La importancia de la gesti\u00f3n de almacenes en la cadena de suministro La gesti\u00f3n de almacenes es una tarea que a menudo se subestima, pero en la era actual de la cadena de suministro, su relevancia es crucial. Aunque administrar&#8230;<\/p>\n","protected":false},"author":1,"featured_media":11911,"comment_status":"open","ping_status":"open","sticky":false,"template":"","format":"standard","meta":{"content-type":"","footnotes":""},"categories":[1],"tags":[],"yoast_head":"<!-- This site is optimized with the Yoast SEO plugin v23.5 - https:\/\/yoast.com\/wordpress\/plugins\/seo\/ -->\n<title>\u25b7 Gesti\u00f3n de almacenes: Multi-talento<\/title>\n<meta name=\"description\" content=\"La administraci\u00f3n de la cadena de suministro, considerar que la gesti\u00f3n de almacenes se puede hacer manual es una idea obsoleta.\" \/>\n<meta name=\"robots\" content=\"index, follow, max-snippet:-1, max-image-preview:large, max-video-preview:-1\" \/>\n<link rel=\"canonical\" href=\"https:\/\/www.serenty.es\/noticias\/multi-talento-la-palabra-clave-la-gestion-moderna-los-almacenes\/\" \/>\n<meta property=\"og:locale\" content=\"en_US\" \/>\n<meta property=\"og:type\" content=\"article\" \/>\n<meta property=\"og:title\" content=\"\u25b7 Gesti\u00f3n de almacenes: Multi-talento\" \/>\n<meta property=\"og:description\" content=\"La administraci\u00f3n de la cadena de suministro, considerar que la gesti\u00f3n de almacenes se puede hacer manual es una idea obsoleta.\" \/>\n<meta property=\"og:url\" content=\"https:\/\/www.serenty.es\/noticias\/multi-talento-la-palabra-clave-la-gestion-moderna-los-almacenes\/\" \/>\n<meta property=\"og:site_name\" content=\"Serenty\" \/>\n<meta property=\"article:publisher\" content=\"https:\/\/www.facebook.com\/Serenty-1127927883973955\/\" \/>\n<meta property=\"article:published_time\" content=\"2024-05-06T05:05:47+00:00\" \/>\n<meta property=\"article:modified_time\" content=\"2024-05-15T10:04:15+00:00\" \/>\n<meta property=\"og:image\" content=\"https:\/\/www.serenty.es\/wp-content\/uploads\/2018\/02\/multitalento.jpg\" \/>\n\t<meta property=\"og:image:width\" content=\"900\" \/>\n\t<meta property=\"og:image:height\" content=\"350\" \/>\n\t<meta property=\"og:image:type\" content=\"image\/jpeg\" \/>\n<meta name=\"author\" content=\"retrazos\" \/>\n<meta name=\"twitter:card\" content=\"summary_large_image\" \/>\n<meta name=\"twitter:creator\" content=\"@Serenty_ES\" \/>\n<meta name=\"twitter:site\" content=\"@Serenty_ES\" \/>\n<meta name=\"twitter:label1\" content=\"Written by\" \/>\n\t<meta name=\"twitter:data1\" content=\"retrazos\" \/>\n\t<meta name=\"twitter:label2\" content=\"Est. reading time\" \/>\n\t<meta name=\"twitter:data2\" content=\"4 minutes\" \/>\n<script type=\"application\/ld+json\" class=\"yoast-schema-graph\">{\"@context\":\"https:\/\/schema.org\",\"@graph\":[{\"@type\":\"Article\",\"@id\":\"https:\/\/www.serenty.es\/noticias\/multi-talento-la-palabra-clave-la-gestion-moderna-los-almacenes\/#article\",\"isPartOf\":{\"@id\":\"https:\/\/www.serenty.es\/noticias\/multi-talento-la-palabra-clave-la-gestion-moderna-los-almacenes\/\"},\"author\":{\"name\":\"retrazos\",\"@id\":\"https:\/\/www.serenty.es\/#\/schema\/person\/4b69a329718480ffd8b36eb047dc806d\"},\"headline\":\"Multi-Talento es la palabra clave para la gesti\u00f3n moderna de los almacenes\",\"datePublished\":\"2024-05-06T05:05:47+00:00\",\"dateModified\":\"2024-05-15T10:04:15+00:00\",\"mainEntityOfPage\":{\"@id\":\"https:\/\/www.serenty.es\/noticias\/multi-talento-la-palabra-clave-la-gestion-moderna-los-almacenes\/\"},\"wordCount\":739,\"commentCount\":0,\"publisher\":{\"@id\":\"https:\/\/www.serenty.es\/#organization\"},\"image\":{\"@id\":\"https:\/\/www.serenty.es\/noticias\/multi-talento-la-palabra-clave-la-gestion-moderna-los-almacenes\/#primaryimage\"},\"thumbnailUrl\":\"https:\/\/www.serenty.es\/wp-content\/uploads\/2018\/02\/multitalento.jpg\",\"articleSection\":[\"General\"],\"inLanguage\":\"en-US\",\"potentialAction\":[{\"@type\":\"CommentAction\",\"name\":\"Comment\",\"target\":[\"https:\/\/www.serenty.es\/noticias\/multi-talento-la-palabra-clave-la-gestion-moderna-los-almacenes\/#respond\"]}]},{\"@type\":\"WebPage\",\"@id\":\"https:\/\/www.serenty.es\/noticias\/multi-talento-la-palabra-clave-la-gestion-moderna-los-almacenes\/\",\"url\":\"https:\/\/www.serenty.es\/noticias\/multi-talento-la-palabra-clave-la-gestion-moderna-los-almacenes\/\",\"name\":\"\u25b7 Gesti\u00f3n de almacenes: Multi-talento\",\"isPartOf\":{\"@id\":\"https:\/\/www.serenty.es\/#website\"},\"primaryImageOfPage\":{\"@id\":\"https:\/\/www.serenty.es\/noticias\/multi-talento-la-palabra-clave-la-gestion-moderna-los-almacenes\/#primaryimage\"},\"image\":{\"@id\":\"https:\/\/www.serenty.es\/noticias\/multi-talento-la-palabra-clave-la-gestion-moderna-los-almacenes\/#primaryimage\"},\"thumbnailUrl\":\"https:\/\/www.serenty.es\/wp-content\/uploads\/2018\/02\/multitalento.jpg\",\"datePublished\":\"2024-05-06T05:05:47+00:00\",\"dateModified\":\"2024-05-15T10:04:15+00:00\",\"description\":\"La administraci\u00f3n de la cadena de suministro, considerar que la gesti\u00f3n de almacenes se puede hacer manual es una idea obsoleta.\",\"breadcrumb\":{\"@id\":\"https:\/\/www.serenty.es\/noticias\/multi-talento-la-palabra-clave-la-gestion-moderna-los-almacenes\/#breadcrumb\"},\"inLanguage\":\"en-US\",\"potentialAction\":[{\"@type\":\"ReadAction\",\"target\":[\"https:\/\/www.serenty.es\/noticias\/multi-talento-la-palabra-clave-la-gestion-moderna-los-almacenes\/\"]}]},{\"@type\":\"ImageObject\",\"inLanguage\":\"en-US\",\"@id\":\"https:\/\/www.serenty.es\/noticias\/multi-talento-la-palabra-clave-la-gestion-moderna-los-almacenes\/#primaryimage\",\"url\":\"https:\/\/www.serenty.es\/wp-content\/uploads\/2018\/02\/multitalento.jpg\",\"contentUrl\":\"https:\/\/www.serenty.es\/wp-content\/uploads\/2018\/02\/multitalento.jpg\",\"width\":900,\"height\":350},{\"@type\":\"BreadcrumbList\",\"@id\":\"https:\/\/www.serenty.es\/noticias\/multi-talento-la-palabra-clave-la-gestion-moderna-los-almacenes\/#breadcrumb\",\"itemListElement\":[{\"@type\":\"ListItem\",\"position\":1,\"name\":\"Inicio\",\"item\":\"https:\/\/www.serenty.es\/en\/\"},{\"@type\":\"ListItem\",\"position\":2,\"name\":\"General\",\"item\":\"https:\/\/www.serenty.es\/noticias\/categorias\/general\/\"},{\"@type\":\"ListItem\",\"position\":3,\"name\":\"Multi-Talento es la palabra clave para la gesti\u00f3n moderna de los almacenes\"}]},{\"@type\":\"WebSite\",\"@id\":\"https:\/\/www.serenty.es\/#website\",\"url\":\"https:\/\/www.serenty.es\/\",\"name\":\"Serenty\",\"description\":\"We excel at Process Consulting\",\"publisher\":{\"@id\":\"https:\/\/www.serenty.es\/#organization\"},\"potentialAction\":[{\"@type\":\"SearchAction\",\"target\":{\"@type\":\"EntryPoint\",\"urlTemplate\":\"https:\/\/www.serenty.es\/?s={search_term_string}\"},\"query-input\":{\"@type\":\"PropertyValueSpecification\",\"valueRequired\":true,\"valueName\":\"search_term_string\"}}],\"inLanguage\":\"en-US\"},{\"@type\":\"Organization\",\"@id\":\"https:\/\/www.serenty.es\/#organization\",\"name\":\"Serenty\",\"url\":\"https:\/\/www.serenty.es\/\",\"logo\":{\"@type\":\"ImageObject\",\"inLanguage\":\"en-US\",\"@id\":\"https:\/\/www.serenty.es\/#\/schema\/logo\/image\/\",\"url\":\"https:\/\/www.serenty.es\/wp-content\/uploads\/2023\/06\/Logotipo_Serenty_CMYK.jpg\",\"contentUrl\":\"https:\/\/www.serenty.es\/wp-content\/uploads\/2023\/06\/Logotipo_Serenty_CMYK.jpg\",\"width\":1200,\"height\":900,\"caption\":\"Serenty\"},\"image\":{\"@id\":\"https:\/\/www.serenty.es\/#\/schema\/logo\/image\/\"},\"sameAs\":[\"https:\/\/www.facebook.com\/Serenty-1127927883973955\/\",\"https:\/\/x.com\/Serenty_ES\"]},{\"@type\":\"Person\",\"@id\":\"https:\/\/www.serenty.es\/#\/schema\/person\/4b69a329718480ffd8b36eb047dc806d\",\"name\":\"retrazos\",\"image\":{\"@type\":\"ImageObject\",\"inLanguage\":\"en-US\",\"@id\":\"https:\/\/www.serenty.es\/#\/schema\/person\/image\/\",\"url\":\"https:\/\/secure.gravatar.com\/avatar\/c6fcdd18b72fb3b8a6ef682b797c67c7?s=96&d=mm&r=g\",\"contentUrl\":\"https:\/\/secure.gravatar.com\/avatar\/c6fcdd18b72fb3b8a6ef682b797c67c7?s=96&d=mm&r=g\",\"caption\":\"retrazos\"}}]}<\/script>\n<!-- \/ Yoast SEO plugin. -->","yoast_head_json":{"title":"\u25b7 Gesti\u00f3n de almacenes: Multi-talento","description":"La administraci\u00f3n de la cadena de suministro, considerar que la gesti\u00f3n de almacenes se puede hacer manual es una idea obsoleta.","robots":{"index":"index","follow":"follow","max-snippet":"max-snippet:-1","max-image-preview":"max-image-preview:large","max-video-preview":"max-video-preview:-1"},"canonical":"https:\/\/www.serenty.es\/noticias\/multi-talento-la-palabra-clave-la-gestion-moderna-los-almacenes\/","og_locale":"en_US","og_type":"article","og_title":"\u25b7 Gesti\u00f3n de almacenes: Multi-talento","og_description":"La administraci\u00f3n de la cadena de suministro, considerar que la gesti\u00f3n de almacenes se puede hacer manual es una idea obsoleta.","og_url":"https:\/\/www.serenty.es\/noticias\/multi-talento-la-palabra-clave-la-gestion-moderna-los-almacenes\/","og_site_name":"Serenty","article_publisher":"https:\/\/www.facebook.com\/Serenty-1127927883973955\/","article_published_time":"2024-05-06T05:05:47+00:00","article_modified_time":"2024-05-15T10:04:15+00:00","og_image":[{"width":900,"height":350,"url":"https:\/\/www.serenty.es\/wp-content\/uploads\/2018\/02\/multitalento.jpg","type":"image\/jpeg"}],"author":"retrazos","twitter_card":"summary_large_image","twitter_creator":"@Serenty_ES","twitter_site":"@Serenty_ES","twitter_misc":{"Written by":"retrazos","Est. reading time":"4 minutes"},"schema":{"@context":"https:\/\/schema.org","@graph":[{"@type":"Article","@id":"https:\/\/www.serenty.es\/noticias\/multi-talento-la-palabra-clave-la-gestion-moderna-los-almacenes\/#article","isPartOf":{"@id":"https:\/\/www.serenty.es\/noticias\/multi-talento-la-palabra-clave-la-gestion-moderna-los-almacenes\/"},"author":{"name":"retrazos","@id":"https:\/\/www.serenty.es\/#\/schema\/person\/4b69a329718480ffd8b36eb047dc806d"},"headline":"Multi-Talento es la palabra clave para la gesti\u00f3n moderna de los almacenes","datePublished":"2024-05-06T05:05:47+00:00","dateModified":"2024-05-15T10:04:15+00:00","mainEntityOfPage":{"@id":"https:\/\/www.serenty.es\/noticias\/multi-talento-la-palabra-clave-la-gestion-moderna-los-almacenes\/"},"wordCount":739,"commentCount":0,"publisher":{"@id":"https:\/\/www.serenty.es\/#organization"},"image":{"@id":"https:\/\/www.serenty.es\/noticias\/multi-talento-la-palabra-clave-la-gestion-moderna-los-almacenes\/#primaryimage"},"thumbnailUrl":"https:\/\/www.serenty.es\/wp-content\/uploads\/2018\/02\/multitalento.jpg","articleSection":["General"],"inLanguage":"en-US","potentialAction":[{"@type":"CommentAction","name":"Comment","target":["https:\/\/www.serenty.es\/noticias\/multi-talento-la-palabra-clave-la-gestion-moderna-los-almacenes\/#respond"]}]},{"@type":"WebPage","@id":"https:\/\/www.serenty.es\/noticias\/multi-talento-la-palabra-clave-la-gestion-moderna-los-almacenes\/","url":"https:\/\/www.serenty.es\/noticias\/multi-talento-la-palabra-clave-la-gestion-moderna-los-almacenes\/","name":"\u25b7 Gesti\u00f3n de almacenes: Multi-talento","isPartOf":{"@id":"https:\/\/www.serenty.es\/#website"},"primaryImageOfPage":{"@id":"https:\/\/www.serenty.es\/noticias\/multi-talento-la-palabra-clave-la-gestion-moderna-los-almacenes\/#primaryimage"},"image":{"@id":"https:\/\/www.serenty.es\/noticias\/multi-talento-la-palabra-clave-la-gestion-moderna-los-almacenes\/#primaryimage"},"thumbnailUrl":"https:\/\/www.serenty.es\/wp-content\/uploads\/2018\/02\/multitalento.jpg","datePublished":"2024-05-06T05:05:47+00:00","dateModified":"2024-05-15T10:04:15+00:00","description":"La administraci\u00f3n de la cadena de suministro, considerar que la gesti\u00f3n de almacenes se puede hacer manual es una idea obsoleta.","breadcrumb":{"@id":"https:\/\/www.serenty.es\/noticias\/multi-talento-la-palabra-clave-la-gestion-moderna-los-almacenes\/#breadcrumb"},"inLanguage":"en-US","potentialAction":[{"@type":"ReadAction","target":["https:\/\/www.serenty.es\/noticias\/multi-talento-la-palabra-clave-la-gestion-moderna-los-almacenes\/"]}]},{"@type":"ImageObject","inLanguage":"en-US","@id":"https:\/\/www.serenty.es\/noticias\/multi-talento-la-palabra-clave-la-gestion-moderna-los-almacenes\/#primaryimage","url":"https:\/\/www.serenty.es\/wp-content\/uploads\/2018\/02\/multitalento.jpg","contentUrl":"https:\/\/www.serenty.es\/wp-content\/uploads\/2018\/02\/multitalento.jpg","width":900,"height":350},{"@type":"BreadcrumbList","@id":"https:\/\/www.serenty.es\/noticias\/multi-talento-la-palabra-clave-la-gestion-moderna-los-almacenes\/#breadcrumb","itemListElement":[{"@type":"ListItem","position":1,"name":"Inicio","item":"https:\/\/www.serenty.es\/en\/"},{"@type":"ListItem","position":2,"name":"General","item":"https:\/\/www.serenty.es\/noticias\/categorias\/general\/"},{"@type":"ListItem","position":3,"name":"Multi-Talento es la palabra clave para la gesti\u00f3n moderna de los almacenes"}]},{"@type":"WebSite","@id":"https:\/\/www.serenty.es\/#website","url":"https:\/\/www.serenty.es\/","name":"Serenty","description":"We excel at Process Consulting","publisher":{"@id":"https:\/\/www.serenty.es\/#organization"},"potentialAction":[{"@type":"SearchAction","target":{"@type":"EntryPoint","urlTemplate":"https:\/\/www.serenty.es\/?s={search_term_string}"},"query-input":{"@type":"PropertyValueSpecification","valueRequired":true,"valueName":"search_term_string"}}],"inLanguage":"en-US"},{"@type":"Organization","@id":"https:\/\/www.serenty.es\/#organization","name":"Serenty","url":"https:\/\/www.serenty.es\/","logo":{"@type":"ImageObject","inLanguage":"en-US","@id":"https:\/\/www.serenty.es\/#\/schema\/logo\/image\/","url":"https:\/\/www.serenty.es\/wp-content\/uploads\/2023\/06\/Logotipo_Serenty_CMYK.jpg","contentUrl":"https:\/\/www.serenty.es\/wp-content\/uploads\/2023\/06\/Logotipo_Serenty_CMYK.jpg","width":1200,"height":900,"caption":"Serenty"},"image":{"@id":"https:\/\/www.serenty.es\/#\/schema\/logo\/image\/"},"sameAs":["https:\/\/www.facebook.com\/Serenty-1127927883973955\/","https:\/\/x.com\/Serenty_ES"]},{"@type":"Person","@id":"https:\/\/www.serenty.es\/#\/schema\/person\/4b69a329718480ffd8b36eb047dc806d","name":"retrazos","image":{"@type":"ImageObject","inLanguage":"en-US","@id":"https:\/\/www.serenty.es\/#\/schema\/person\/image\/","url":"https:\/\/secure.gravatar.com\/avatar\/c6fcdd18b72fb3b8a6ef682b797c67c7?s=96&d=mm&r=g","contentUrl":"https:\/\/secure.gravatar.com\/avatar\/c6fcdd18b72fb3b8a6ef682b797c67c7?s=96&d=mm&r=g","caption":"retrazos"}}]}},"_links":{"self":[{"href":"https:\/\/www.serenty.es\/en\/wp-json\/wp\/v2\/posts\/11908"}],"collection":[{"href":"https:\/\/www.serenty.es\/en\/wp-json\/wp\/v2\/posts"}],"about":[{"href":"https:\/\/www.serenty.es\/en\/wp-json\/wp\/v2\/types\/post"}],"author":[{"embeddable":true,"href":"https:\/\/www.serenty.es\/en\/wp-json\/wp\/v2\/users\/1"}],"replies":[{"embeddable":true,"href":"https:\/\/www.serenty.es\/en\/wp-json\/wp\/v2\/comments?post=11908"}],"version-history":[{"count":6,"href":"https:\/\/www.serenty.es\/en\/wp-json\/wp\/v2\/posts\/11908\/revisions"}],"predecessor-version":[{"id":14189,"href":"https:\/\/www.serenty.es\/en\/wp-json\/wp\/v2\/posts\/11908\/revisions\/14189"}],"wp:featuredmedia":[{"embeddable":true,"href":"https:\/\/www.serenty.es\/en\/wp-json\/wp\/v2\/media\/11911"}],"wp:attachment":[{"href":"https:\/\/www.serenty.es\/en\/wp-json\/wp\/v2\/media?parent=11908"}],"wp:term":[{"taxonomy":"category","embeddable":true,"href":"https:\/\/www.serenty.es\/en\/wp-json\/wp\/v2\/categories?post=11908"},{"taxonomy":"post_tag","embeddable":true,"href":"https:\/\/www.serenty.es\/en\/wp-json\/wp\/v2\/tags?post=11908"}],"curies":[{"name":"wp","href":"https:\/\/api.w.org\/{rel}","templated":true}]}}