{"id":12824,"date":"2018-11-19T18:29:58","date_gmt":"2018-11-19T16:29:58","guid":{"rendered":"https:\/\/www.serenty.es\/?p=12824"},"modified":"2023-07-14T12:42:14","modified_gmt":"2023-07-14T10:42:14","slug":"atencion-empresarios-ya-esta-aqui-black-friday","status":"publish","type":"post","link":"https:\/\/www.serenty.es\/en\/noticias\/atencion-empresarios-ya-esta-aqui-black-friday\/","title":{"rendered":"Atenci\u00f3n empresarios: \u00a1ya est\u00e1 aqu\u00ed el Black Friday!"},"content":{"rendered":"<h2>El Black Friday: una oportunidad para las empresas y comercios.<\/h2>\n<p>El Black Friday, tambi\u00e9n conocido como Viernes Negro, es un evento destacado en el que se realizan numerosas ventas por internet, marcando el inicio de la temporada de compras navide\u00f1as. Esta semana, tanto los empresarios como los clientes se benefician de ofertas atractivas.<\/p>\n<p>Originalmente nacido en Estados Unidos, el Black Friday ha triunfado principalmente en el sector tecnol\u00f3gico y electr\u00f3nico, siendo las ventas mayoritariamente en l\u00ednea.<\/p>\n<p>En este art\u00edculo, discutiremos las ventajas que este evento ofrece a las empresas, los tipos de empresas que suelen participar, y si es posible aplicar esta estrategia en tiendas f\u00edsicas. Tambi\u00e9n compartiremos consejos de Serenty para ayudar a tu negocio a crecer durante el Black Friday.<\/p>\n<p><strong>\u00a1Comencemos!<\/strong><\/p>\n<p><img loading=\"lazy\" decoding=\"async\" class=\"aligncenter wp-image-12825 size-full\" src=\"https:\/\/www.serenty.es\/wp-content\/uploads\/2018\/11\/black-friday.jpg\" alt=\"Black Friday - Logo\" width=\"806\" height=\"545\" srcset=\"https:\/\/www.serenty.es\/wp-content\/uploads\/2018\/11\/black-friday.jpg 806w, https:\/\/www.serenty.es\/wp-content\/uploads\/2018\/11\/black-friday-300x203.jpg 300w, https:\/\/www.serenty.es\/wp-content\/uploads\/2018\/11\/black-friday-768x519.jpg 768w\" sizes=\"(max-width: 806px) 100vw, 806px\" \/><\/p>\n<h3>Ventajas del Black Friday para las empresas.<\/h3>\n<p>El Black Friday brinda diversas oportunidades y ventajas para las empresas:<\/p>\n<ul>\n<li>Aumento del tr\u00e1fico en sitios web que se unen a las promociones, tanto antes como despu\u00e9s del evento.<\/li>\n<li>Generaci\u00f3n de m\u00e1s leads y oportunidades de venta.<\/li>\n<li>Los consumidores tienden a a\u00f1adir m\u00e1s productos a su carrito de compra.<\/li>\n<li>Una estrategia efectiva de marketing digital garantiza el logro de los objetivos establecidos.<\/li>\n<\/ul>\n<h3>Perfil de empresas que participan en el Black Friday.<\/h3>\n<p>Los sectores m\u00e1s populares\u00a0incluyen:<\/p>\n<ul>\n<li>Electr\u00f3nica e inform\u00e1tica.<\/li>\n<li>Ropa y accesorios.<\/li>\n<li>Tiendas online.<\/li>\n<li>Cultura y papeler\u00eda.<\/li>\n<li>Supermercados e hipermercados.<\/li>\n<li>Art\u00edculos para el hogar.<\/li>\n<li>Agencias de viajes.<\/li>\n<\/ul>\n<h3>\u00bfPuedo participar\u00a0si tengo una tienda f\u00edsica?<\/h3>\n<p><strong>\u00a1Por supuesto que s\u00ed!<\/strong><\/p>\n<p>Aunque esta estrategia se origin\u00f3 en el \u00e1mbito del marketing digital, las tiendas f\u00edsicas tambi\u00e9n pueden participar en el Black Friday. Es una oportunidad para generar m\u00e1s leads y aumentar las ventas, siempre y cuando se planifique detalladamente la estrategia de marketing a utilizar.<\/p>\n<p>A continuaci\u00f3n, te ofrecemos consejos de Serenty para preparar tu negocio:<\/p>\n<ul>\n<li>En primer lugar, planifica tus acciones con anticipaci\u00f3n, al menos de 3 a 4 semanas antes del evento. Define d\u00f3nde te promocionar\u00e1s, qu\u00e9 acciones llevar\u00e1s a cabo y en qu\u00e9 fechas.<\/li>\n<li>A continuaci\u00f3n, establece objetivos de ventas espec\u00edficos para ese d\u00eda y define a qu\u00e9 p\u00fablico dirigir\u00e1s tus acciones de marketing.<\/li>\n<li>Por \u00faltimo, cumple estrictamente con el calendario de acciones de marketing planificado. La improvisaci\u00f3n y la falta de contacto con los clientes pueden limitar el \u00e9xito de este d\u00eda tan especial.<\/li>\n<\/ul>\n<h3>Serenty.<\/h3>\n<p>En Serenty te animamos a seguir estos pasos y preparar tu negocio para aprovechar al m\u00e1ximo esta importante fecha para empresas y comercios.<\/p>\n<p>\u00a1Te deseamos mucho \u00e9xito y que vendas m\u00e1s y mejor durante el Black Friday!<\/p>\n<p><a href=\"https:\/\/www.serenty.es\/en\/noticias\/\"><b>\u00a1No te pierdas art\u00edculos interesantes en nuestra web!<\/b><\/a><\/p>\n<p><strong>Descubre m\u00e1s sobre nosotros o ponte en contacto para consultar m\u00e1s informaci\u00f3n desde redes sociales:<\/strong><\/p>\n<ul>\n<li><a href=\"https:\/\/www.facebook.com\/SerentyConsulting\">Facebook.<\/a><\/li>\n<li><a href=\"https:\/\/twitter.com\/i\/flow\/login?redirect_after_login=%2FSerenty_ES\">Twitter.<\/a><\/li>\n<li><a href=\"https:\/\/www.linkedin.com\/company\/serenty-process-consulting\/\">Linkedin.<\/a><\/li>\n<\/ul>\n","protected":false},"excerpt":{"rendered":"<p>El Black Friday: una oportunidad para las empresas y comercios. El Black Friday, tambi\u00e9n conocido como Viernes Negro, es un evento destacado en el que se realizan numerosas ventas por internet, marcando el inicio de la temporada de compras navide\u00f1as&#8230;.<\/p>\n","protected":false},"author":2,"featured_media":12827,"comment_status":"open","ping_status":"open","sticky":false,"template":"","format":"standard","meta":{"content-type":"","footnotes":""},"categories":[104],"tags":[144,147,145,105,146,99],"yoast_head":"<!-- This site is optimized with the Yoast SEO plugin v23.5 - https:\/\/yoast.com\/wordpress\/plugins\/seo\/ -->\n<title>Black Friday: empresa - Serenty<\/title>\n<meta name=\"description\" content=\"El Black Friday es un evento destacado en el que se realizan numerosas ventas por internet, marcando el inicio de la temporada navide\u00f1o.\" \/>\n<meta name=\"robots\" content=\"index, follow, max-snippet:-1, max-image-preview:large, max-video-preview:-1\" \/>\n<link rel=\"canonical\" href=\"https:\/\/www.serenty.es\/noticias\/atencion-empresarios-ya-esta-aqui-black-friday\/\" \/>\n<meta property=\"og:locale\" content=\"en_US\" \/>\n<meta property=\"og:type\" content=\"article\" \/>\n<meta property=\"og:title\" content=\"Black Friday: empresa - Serenty\" \/>\n<meta property=\"og:description\" content=\"El Black Friday es un evento destacado en el que se realizan numerosas ventas por internet, marcando el inicio de la temporada navide\u00f1o.\" \/>\n<meta property=\"og:url\" content=\"https:\/\/www.serenty.es\/noticias\/atencion-empresarios-ya-esta-aqui-black-friday\/\" \/>\n<meta property=\"og:site_name\" content=\"Serenty\" \/>\n<meta property=\"article:publisher\" content=\"https:\/\/www.facebook.com\/Serenty-1127927883973955\/\" \/>\n<meta property=\"article:published_time\" content=\"2018-11-19T16:29:58+00:00\" \/>\n<meta property=\"article:modified_time\" content=\"2023-07-14T10:42:14+00:00\" \/>\n<meta property=\"og:image\" content=\"https:\/\/www.serenty.es\/wp-content\/uploads\/2018\/11\/cesta-de-la-compra-black-friday-empresas.jpg\" \/>\n\t<meta property=\"og:image:width\" content=\"960\" \/>\n\t<meta property=\"og:image:height\" content=\"679\" \/>\n\t<meta property=\"og:image:type\" content=\"image\/jpeg\" \/>\n<meta name=\"author\" content=\"Serenty\" \/>\n<meta name=\"twitter:card\" content=\"summary_large_image\" \/>\n<meta name=\"twitter:creator\" content=\"@Serenty_ES\" \/>\n<meta name=\"twitter:site\" content=\"@Serenty_ES\" \/>\n<meta name=\"twitter:label1\" content=\"Written by\" \/>\n\t<meta name=\"twitter:data1\" content=\"Serenty\" \/>\n\t<meta name=\"twitter:label2\" content=\"Est. reading time\" \/>\n\t<meta name=\"twitter:data2\" content=\"3 minutes\" \/>\n<script type=\"application\/ld+json\" class=\"yoast-schema-graph\">{\"@context\":\"https:\/\/schema.org\",\"@graph\":[{\"@type\":\"Article\",\"@id\":\"https:\/\/www.serenty.es\/noticias\/atencion-empresarios-ya-esta-aqui-black-friday\/#article\",\"isPartOf\":{\"@id\":\"https:\/\/www.serenty.es\/noticias\/atencion-empresarios-ya-esta-aqui-black-friday\/\"},\"author\":{\"name\":\"Serenty\",\"@id\":\"https:\/\/www.serenty.es\/#\/schema\/person\/f1334186120c410d2fea7f150fa3584f\"},\"headline\":\"Atenci\u00f3n empresarios: \u00a1ya est\u00e1 aqu\u00ed el Black Friday!\",\"datePublished\":\"2018-11-19T16:29:58+00:00\",\"dateModified\":\"2023-07-14T10:42:14+00:00\",\"mainEntityOfPage\":{\"@id\":\"https:\/\/www.serenty.es\/noticias\/atencion-empresarios-ya-esta-aqui-black-friday\/\"},\"wordCount\":487,\"commentCount\":0,\"publisher\":{\"@id\":\"https:\/\/www.serenty.es\/#organization\"},\"image\":{\"@id\":\"https:\/\/www.serenty.es\/noticias\/atencion-empresarios-ya-esta-aqui-black-friday\/#primaryimage\"},\"thumbnailUrl\":\"https:\/\/www.serenty.es\/wp-content\/uploads\/2018\/11\/cesta-de-la-compra-black-friday-empresas.jpg\",\"keywords\":[\"Black Friday\",\"calendario de acciones promocionales\",\"Estrategia de marketing\",\"estrategia de ventas\",\"Planificacion\",\"promocion\"],\"articleSection\":[\"Estrategia de Ventas\"],\"inLanguage\":\"en-US\",\"potentialAction\":[{\"@type\":\"CommentAction\",\"name\":\"Comment\",\"target\":[\"https:\/\/www.serenty.es\/noticias\/atencion-empresarios-ya-esta-aqui-black-friday\/#respond\"]}]},{\"@type\":\"WebPage\",\"@id\":\"https:\/\/www.serenty.es\/noticias\/atencion-empresarios-ya-esta-aqui-black-friday\/\",\"url\":\"https:\/\/www.serenty.es\/noticias\/atencion-empresarios-ya-esta-aqui-black-friday\/\",\"name\":\"Black Friday: empresa - Serenty\",\"isPartOf\":{\"@id\":\"https:\/\/www.serenty.es\/#website\"},\"primaryImageOfPage\":{\"@id\":\"https:\/\/www.serenty.es\/noticias\/atencion-empresarios-ya-esta-aqui-black-friday\/#primaryimage\"},\"image\":{\"@id\":\"https:\/\/www.serenty.es\/noticias\/atencion-empresarios-ya-esta-aqui-black-friday\/#primaryimage\"},\"thumbnailUrl\":\"https:\/\/www.serenty.es\/wp-content\/uploads\/2018\/11\/cesta-de-la-compra-black-friday-empresas.jpg\",\"datePublished\":\"2018-11-19T16:29:58+00:00\",\"dateModified\":\"2023-07-14T10:42:14+00:00\",\"description\":\"El Black Friday es un evento destacado en el que se realizan numerosas ventas por internet, marcando el inicio de la temporada navide\u00f1o.\",\"breadcrumb\":{\"@id\":\"https:\/\/www.serenty.es\/noticias\/atencion-empresarios-ya-esta-aqui-black-friday\/#breadcrumb\"},\"inLanguage\":\"en-US\",\"potentialAction\":[{\"@type\":\"ReadAction\",\"target\":[\"https:\/\/www.serenty.es\/noticias\/atencion-empresarios-ya-esta-aqui-black-friday\/\"]}]},{\"@type\":\"ImageObject\",\"inLanguage\":\"en-US\",\"@id\":\"https:\/\/www.serenty.es\/noticias\/atencion-empresarios-ya-esta-aqui-black-friday\/#primaryimage\",\"url\":\"https:\/\/www.serenty.es\/wp-content\/uploads\/2018\/11\/cesta-de-la-compra-black-friday-empresas.jpg\",\"contentUrl\":\"https:\/\/www.serenty.es\/wp-content\/uploads\/2018\/11\/cesta-de-la-compra-black-friday-empresas.jpg\",\"width\":960,\"height\":679},{\"@type\":\"BreadcrumbList\",\"@id\":\"https:\/\/www.serenty.es\/noticias\/atencion-empresarios-ya-esta-aqui-black-friday\/#breadcrumb\",\"itemListElement\":[{\"@type\":\"ListItem\",\"position\":1,\"name\":\"Inicio\",\"item\":\"https:\/\/www.serenty.es\/en\/\"},{\"@type\":\"ListItem\",\"position\":2,\"name\":\"Estrategia de Ventas\",\"item\":\"https:\/\/www.serenty.es\/noticias\/categorias\/estrategia-de-ventas\/\"},{\"@type\":\"ListItem\",\"position\":3,\"name\":\"Atenci\u00f3n empresarios: \u00a1ya est\u00e1 aqu\u00ed el Black Friday!\"}]},{\"@type\":\"WebSite\",\"@id\":\"https:\/\/www.serenty.es\/#website\",\"url\":\"https:\/\/www.serenty.es\/\",\"name\":\"Serenty\",\"description\":\"We excel at Process Consulting\",\"publisher\":{\"@id\":\"https:\/\/www.serenty.es\/#organization\"},\"potentialAction\":[{\"@type\":\"SearchAction\",\"target\":{\"@type\":\"EntryPoint\",\"urlTemplate\":\"https:\/\/www.serenty.es\/?s={search_term_string}\"},\"query-input\":{\"@type\":\"PropertyValueSpecification\",\"valueRequired\":true,\"valueName\":\"search_term_string\"}}],\"inLanguage\":\"en-US\"},{\"@type\":\"Organization\",\"@id\":\"https:\/\/www.serenty.es\/#organization\",\"name\":\"Serenty\",\"url\":\"https:\/\/www.serenty.es\/\",\"logo\":{\"@type\":\"ImageObject\",\"inLanguage\":\"en-US\",\"@id\":\"https:\/\/www.serenty.es\/#\/schema\/logo\/image\/\",\"url\":\"https:\/\/www.serenty.es\/wp-content\/uploads\/2023\/06\/Logotipo_Serenty_CMYK.jpg\",\"contentUrl\":\"https:\/\/www.serenty.es\/wp-content\/uploads\/2023\/06\/Logotipo_Serenty_CMYK.jpg\",\"width\":1200,\"height\":900,\"caption\":\"Serenty\"},\"image\":{\"@id\":\"https:\/\/www.serenty.es\/#\/schema\/logo\/image\/\"},\"sameAs\":[\"https:\/\/www.facebook.com\/Serenty-1127927883973955\/\",\"https:\/\/x.com\/Serenty_ES\"]},{\"@type\":\"Person\",\"@id\":\"https:\/\/www.serenty.es\/#\/schema\/person\/f1334186120c410d2fea7f150fa3584f\",\"name\":\"Serenty\",\"image\":{\"@type\":\"ImageObject\",\"inLanguage\":\"en-US\",\"@id\":\"https:\/\/www.serenty.es\/#\/schema\/person\/image\/\",\"url\":\"https:\/\/secure.gravatar.com\/avatar\/5ab441e8f7970c9175302d2fcc76d994?s=96&d=mm&r=g\",\"contentUrl\":\"https:\/\/secure.gravatar.com\/avatar\/5ab441e8f7970c9175302d2fcc76d994?s=96&d=mm&r=g\",\"caption\":\"Serenty\"}}]}<\/script>\n<!-- \/ Yoast SEO plugin. -->","yoast_head_json":{"title":"Black Friday: empresa - Serenty","description":"El Black Friday es un evento destacado en el que se realizan numerosas ventas por internet, marcando el inicio de la temporada navide\u00f1o.","robots":{"index":"index","follow":"follow","max-snippet":"max-snippet:-1","max-image-preview":"max-image-preview:large","max-video-preview":"max-video-preview:-1"},"canonical":"https:\/\/www.serenty.es\/noticias\/atencion-empresarios-ya-esta-aqui-black-friday\/","og_locale":"en_US","og_type":"article","og_title":"Black Friday: empresa - Serenty","og_description":"El Black Friday es un evento destacado en el que se realizan numerosas ventas por internet, marcando el inicio de la temporada navide\u00f1o.","og_url":"https:\/\/www.serenty.es\/noticias\/atencion-empresarios-ya-esta-aqui-black-friday\/","og_site_name":"Serenty","article_publisher":"https:\/\/www.facebook.com\/Serenty-1127927883973955\/","article_published_time":"2018-11-19T16:29:58+00:00","article_modified_time":"2023-07-14T10:42:14+00:00","og_image":[{"width":960,"height":679,"url":"https:\/\/www.serenty.es\/wp-content\/uploads\/2018\/11\/cesta-de-la-compra-black-friday-empresas.jpg","type":"image\/jpeg"}],"author":"Serenty","twitter_card":"summary_large_image","twitter_creator":"@Serenty_ES","twitter_site":"@Serenty_ES","twitter_misc":{"Written by":"Serenty","Est. reading time":"3 minutes"},"schema":{"@context":"https:\/\/schema.org","@graph":[{"@type":"Article","@id":"https:\/\/www.serenty.es\/noticias\/atencion-empresarios-ya-esta-aqui-black-friday\/#article","isPartOf":{"@id":"https:\/\/www.serenty.es\/noticias\/atencion-empresarios-ya-esta-aqui-black-friday\/"},"author":{"name":"Serenty","@id":"https:\/\/www.serenty.es\/#\/schema\/person\/f1334186120c410d2fea7f150fa3584f"},"headline":"Atenci\u00f3n empresarios: \u00a1ya est\u00e1 aqu\u00ed el Black Friday!","datePublished":"2018-11-19T16:29:58+00:00","dateModified":"2023-07-14T10:42:14+00:00","mainEntityOfPage":{"@id":"https:\/\/www.serenty.es\/noticias\/atencion-empresarios-ya-esta-aqui-black-friday\/"},"wordCount":487,"commentCount":0,"publisher":{"@id":"https:\/\/www.serenty.es\/#organization"},"image":{"@id":"https:\/\/www.serenty.es\/noticias\/atencion-empresarios-ya-esta-aqui-black-friday\/#primaryimage"},"thumbnailUrl":"https:\/\/www.serenty.es\/wp-content\/uploads\/2018\/11\/cesta-de-la-compra-black-friday-empresas.jpg","keywords":["Black Friday","calendario de acciones promocionales","Estrategia de marketing","estrategia de ventas","Planificacion","promocion"],"articleSection":["Estrategia de Ventas"],"inLanguage":"en-US","potentialAction":[{"@type":"CommentAction","name":"Comment","target":["https:\/\/www.serenty.es\/noticias\/atencion-empresarios-ya-esta-aqui-black-friday\/#respond"]}]},{"@type":"WebPage","@id":"https:\/\/www.serenty.es\/noticias\/atencion-empresarios-ya-esta-aqui-black-friday\/","url":"https:\/\/www.serenty.es\/noticias\/atencion-empresarios-ya-esta-aqui-black-friday\/","name":"Black Friday: empresa - Serenty","isPartOf":{"@id":"https:\/\/www.serenty.es\/#website"},"primaryImageOfPage":{"@id":"https:\/\/www.serenty.es\/noticias\/atencion-empresarios-ya-esta-aqui-black-friday\/#primaryimage"},"image":{"@id":"https:\/\/www.serenty.es\/noticias\/atencion-empresarios-ya-esta-aqui-black-friday\/#primaryimage"},"thumbnailUrl":"https:\/\/www.serenty.es\/wp-content\/uploads\/2018\/11\/cesta-de-la-compra-black-friday-empresas.jpg","datePublished":"2018-11-19T16:29:58+00:00","dateModified":"2023-07-14T10:42:14+00:00","description":"El Black Friday es un evento destacado en el que se realizan numerosas ventas por internet, marcando el inicio de la temporada navide\u00f1o.","breadcrumb":{"@id":"https:\/\/www.serenty.es\/noticias\/atencion-empresarios-ya-esta-aqui-black-friday\/#breadcrumb"},"inLanguage":"en-US","potentialAction":[{"@type":"ReadAction","target":["https:\/\/www.serenty.es\/noticias\/atencion-empresarios-ya-esta-aqui-black-friday\/"]}]},{"@type":"ImageObject","inLanguage":"en-US","@id":"https:\/\/www.serenty.es\/noticias\/atencion-empresarios-ya-esta-aqui-black-friday\/#primaryimage","url":"https:\/\/www.serenty.es\/wp-content\/uploads\/2018\/11\/cesta-de-la-compra-black-friday-empresas.jpg","contentUrl":"https:\/\/www.serenty.es\/wp-content\/uploads\/2018\/11\/cesta-de-la-compra-black-friday-empresas.jpg","width":960,"height":679},{"@type":"BreadcrumbList","@id":"https:\/\/www.serenty.es\/noticias\/atencion-empresarios-ya-esta-aqui-black-friday\/#breadcrumb","itemListElement":[{"@type":"ListItem","position":1,"name":"Inicio","item":"https:\/\/www.serenty.es\/en\/"},{"@type":"ListItem","position":2,"name":"Estrategia de Ventas","item":"https:\/\/www.serenty.es\/noticias\/categorias\/estrategia-de-ventas\/"},{"@type":"ListItem","position":3,"name":"Atenci\u00f3n empresarios: \u00a1ya est\u00e1 aqu\u00ed el Black Friday!"}]},{"@type":"WebSite","@id":"https:\/\/www.serenty.es\/#website","url":"https:\/\/www.serenty.es\/","name":"Serenty","description":"We excel at Process Consulting","publisher":{"@id":"https:\/\/www.serenty.es\/#organization"},"potentialAction":[{"@type":"SearchAction","target":{"@type":"EntryPoint","urlTemplate":"https:\/\/www.serenty.es\/?s={search_term_string}"},"query-input":{"@type":"PropertyValueSpecification","valueRequired":true,"valueName":"search_term_string"}}],"inLanguage":"en-US"},{"@type":"Organization","@id":"https:\/\/www.serenty.es\/#organization","name":"Serenty","url":"https:\/\/www.serenty.es\/","logo":{"@type":"ImageObject","inLanguage":"en-US","@id":"https:\/\/www.serenty.es\/#\/schema\/logo\/image\/","url":"https:\/\/www.serenty.es\/wp-content\/uploads\/2023\/06\/Logotipo_Serenty_CMYK.jpg","contentUrl":"https:\/\/www.serenty.es\/wp-content\/uploads\/2023\/06\/Logotipo_Serenty_CMYK.jpg","width":1200,"height":900,"caption":"Serenty"},"image":{"@id":"https:\/\/www.serenty.es\/#\/schema\/logo\/image\/"},"sameAs":["https:\/\/www.facebook.com\/Serenty-1127927883973955\/","https:\/\/x.com\/Serenty_ES"]},{"@type":"Person","@id":"https:\/\/www.serenty.es\/#\/schema\/person\/f1334186120c410d2fea7f150fa3584f","name":"Serenty","image":{"@type":"ImageObject","inLanguage":"en-US","@id":"https:\/\/www.serenty.es\/#\/schema\/person\/image\/","url":"https:\/\/secure.gravatar.com\/avatar\/5ab441e8f7970c9175302d2fcc76d994?s=96&d=mm&r=g","contentUrl":"https:\/\/secure.gravatar.com\/avatar\/5ab441e8f7970c9175302d2fcc76d994?s=96&d=mm&r=g","caption":"Serenty"}}]}},"_links":{"self":[{"href":"https:\/\/www.serenty.es\/en\/wp-json\/wp\/v2\/posts\/12824"}],"collection":[{"href":"https:\/\/www.serenty.es\/en\/wp-json\/wp\/v2\/posts"}],"about":[{"href":"https:\/\/www.serenty.es\/en\/wp-json\/wp\/v2\/types\/post"}],"author":[{"embeddable":true,"href":"https:\/\/www.serenty.es\/en\/wp-json\/wp\/v2\/users\/2"}],"replies":[{"embeddable":true,"href":"https:\/\/www.serenty.es\/en\/wp-json\/wp\/v2\/comments?post=12824"}],"version-history":[{"count":4,"href":"https:\/\/www.serenty.es\/en\/wp-json\/wp\/v2\/posts\/12824\/revisions"}],"predecessor-version":[{"id":14127,"href":"https:\/\/www.serenty.es\/en\/wp-json\/wp\/v2\/posts\/12824\/revisions\/14127"}],"wp:featuredmedia":[{"embeddable":true,"href":"https:\/\/www.serenty.es\/en\/wp-json\/wp\/v2\/media\/12827"}],"wp:attachment":[{"href":"https:\/\/www.serenty.es\/en\/wp-json\/wp\/v2\/media?parent=12824"}],"wp:term":[{"taxonomy":"category","embeddable":true,"href":"https:\/\/www.serenty.es\/en\/wp-json\/wp\/v2\/categories?post=12824"},{"taxonomy":"post_tag","embeddable":true,"href":"https:\/\/www.serenty.es\/en\/wp-json\/wp\/v2\/tags?post=12824"}],"curies":[{"name":"wp","href":"https:\/\/api.w.org\/{rel}","templated":true}]}}