{"id":12947,"date":"2024-06-07T14:16:30","date_gmt":"2024-06-07T12:16:30","guid":{"rendered":"https:\/\/www.serenty.es\/?p=12947"},"modified":"2024-07-01T13:15:10","modified_gmt":"2024-07-01T11:15:10","slug":"claves-establecer-valores-corporativos-empresa","status":"publish","type":"post","link":"https:\/\/www.serenty.es\/en\/noticias\/claves-establecer-valores-corporativos-empresa\/","title":{"rendered":"Claves para establecer valores corporativos en tu empresa."},"content":{"rendered":"<h2>Valores corporativos, fundamentos desde el inicio<\/h2>\n<p>Desarrollar los valores corporativos desde el inicio de la compa\u00f1\u00eda tiene un impacto positivo y perdurable en la cultura organizacional, especialmente cuando el equipo es peque\u00f1o. Manejar un equipo peque\u00f1o al principio facilita este proceso, comparado con enfrentarlo cuando la organizaci\u00f3n crece.<\/p>\n<p><strong>Nuestra empresa ha experimentado este proceso de primera mano<\/strong>. Comenzamos con un equipo de solo 4 personas y dedicamos semanas a desarrollar conjuntamente nuestros valores corporativos. Discutimos su interpretaci\u00f3n y exploramos c\u00f3mo aplicarlos en nuestros procesos y cultura organizacional.<\/p>\n<p><a href=\"https:\/\/www.serenty.es\/en\/consultoria-de-procesos\/implantacion-la-cultura-empresarial\/\"><img loading=\"lazy\" decoding=\"async\" class=\"aligncenter wp-image-12006 size-large\" src=\"https:\/\/www.serenty.es\/wp-content\/uploads\/2018\/02\/interiores-cultura-empresarial-01-1024x683.jpg\" alt=\"Valores corporativos - Team work\" width=\"840\" height=\"560\" srcset=\"https:\/\/www.serenty.es\/wp-content\/uploads\/2018\/02\/interiores-cultura-empresarial-01-1024x683.jpg 1024w, https:\/\/www.serenty.es\/wp-content\/uploads\/2018\/02\/interiores-cultura-empresarial-01-300x200.jpg 300w, https:\/\/www.serenty.es\/wp-content\/uploads\/2018\/02\/interiores-cultura-empresarial-01-768x512.jpg 768w, https:\/\/www.serenty.es\/wp-content\/uploads\/2018\/02\/interiores-cultura-empresarial-01.jpg 1080w\" sizes=\"(max-width: 840px) 100vw, 840px\" \/><\/a><\/p>\n<p>&nbsp;<\/p>\n<h2><strong>Claves para Establecer Valores Corporativos en tu Empresa<\/strong><\/h2>\n<ol>\n<li><strong>Involucra a tu Equipo desde el Principio<\/strong>\n<ul>\n<li>Desde el lanzamiento de tu empresa, es recomendable desarrollar los valores corporativos en colaboraci\u00f3n con tu equipo. Dales la oportunidad de reflexionar y contribuir activamente en este proceso inicial.<\/li>\n<\/ul>\n<\/li>\n<li><strong>Organiza y Recopila Ideas<\/strong>\n<ul>\n<li>Recopila todas las ideas y organ\u00edzalas meticulosamente. Esto ayudar\u00e1 a identificar conjuntamente una lista de valores centrales que reflejen los principios fundamentales de tu empresa.<\/li>\n<\/ul>\n<\/li>\n<li><strong>Hace que el Proceso Sea Significativo<\/strong>\n<ul>\n<li>Es crucial dedicar tiempo para discutir y llegar a un consenso sobre los valores corporativos. Un proceso significativo asegura que los valores sean aut\u00e9nticos y representativos de la visi\u00f3n compartida por todos.<\/li>\n<\/ul>\n<\/li>\n<li><strong>Interpreta y Implementa los Valores<\/strong>\n<ul>\n<li>Despu\u00e9s de definir los valores, es fundamental discutir su interpretaci\u00f3n para asegurar una implementaci\u00f3n exitosa. Los empleados que comprenden estos valores est\u00e1n m\u00e1s comprometidos con su trabajo.<\/li>\n<\/ul>\n<\/li>\n<li><strong>Integraci\u00f3n en la Cultura Organizacional<\/strong>\n<ul>\n<li>No basta con publicar los valores. Es esencial identificar los cambios necesarios y crear un plan para integrarlos en la vida diaria de la empresa. Desde el proceso de contrataci\u00f3n hasta las oportunidades de promoci\u00f3n, los valores deben estar presentes y activos.<\/li>\n<\/ul>\n<\/li>\n<li><strong>Evoluci\u00f3n y Revisi\u00f3n Anual<\/strong>\n<ul>\n<li>Los valores corporativos deben evolucionar con el tiempo. Revisarlos anualmente permite ajustarlos seg\u00fan las necesidades cambiantes de la empresa y el entorno empresarial.<\/li>\n<\/ul>\n<\/li>\n<\/ol>\n<h3>Conclusi\u00f3n.<\/h3>\n<p>En resumen, alinear a tu equipo en torno a los valores corporativos es fundamental para cultivar una cultura organizacional positiva y de alto rendimiento desde el inicio. Comienza este proceso cuando el equipo a\u00fan es peque\u00f1o, lo cual facilitar\u00e1 la integraci\u00f3n y aceptaci\u00f3n de los valores. Sigue paso a paso las estrategias mencionadas para lograr una integraci\u00f3n exitosa y duradera en tu empresa.<\/p>\n<p><a href=\"https:\/\/www.serenty.es\/en\/noticias\/\"><b>\u00a1No te pierdas art\u00edculos interesantes en nuestra web!<\/b><\/a><\/p>\n<p><strong>Descubre m\u00e1s sobre nosotros o ponte en contacto para consultar m\u00e1s informaci\u00f3n desde redes sociales:<\/strong><\/p>\n<ul>\n<li><a href=\"https:\/\/www.facebook.com\/SerentyConsulting\">Facebook.<\/a><\/li>\n<li><a href=\"https:\/\/twitter.com\/i\/flow\/login?redirect_after_login=%2FSerenty_ES\">Twitter.<\/a><\/li>\n<li><a href=\"https:\/\/www.linkedin.com\/company\/serenty-process-consulting\/\">Linkedin.<\/a><\/li>\n<\/ul>\n","protected":false},"excerpt":{"rendered":"<p>Valores corporativos, fundamentos desde el inicio Desarrollar los valores corporativos desde el inicio de la compa\u00f1\u00eda tiene un impacto positivo y perdurable en la cultura organizacional, especialmente cuando el equipo es peque\u00f1o. Manejar un equipo peque\u00f1o al principio facilita este&#8230;<\/p>\n","protected":false},"author":2,"featured_media":12007,"comment_status":"open","ping_status":"open","sticky":false,"template":"","format":"standard","meta":{"content-type":"","footnotes":""},"categories":[93,1,87],"tags":[174,100,175,177,178,180,179,97,176],"yoast_head":"<!-- This site is optimized with the Yoast SEO plugin v23.5 - https:\/\/yoast.com\/wordpress\/plugins\/seo\/ -->\n<title>Valores corporativos: empresa - Serenty<\/title>\n<meta name=\"description\" content=\"Desarrollar los valores corporativos desde el inicio de la compa\u00f1\u00eda tiene un efecto positivo y duradero en la cultura organizacional.\" \/>\n<meta name=\"robots\" content=\"index, follow, max-snippet:-1, max-image-preview:large, max-video-preview:-1\" \/>\n<link rel=\"canonical\" href=\"https:\/\/www.serenty.es\/noticias\/claves-establecer-valores-corporativos-empresa\/\" \/>\n<meta property=\"og:locale\" content=\"en_US\" \/>\n<meta property=\"og:type\" content=\"article\" \/>\n<meta property=\"og:title\" content=\"Valores corporativos: empresa - Serenty\" \/>\n<meta property=\"og:description\" content=\"Desarrollar los valores corporativos desde el inicio de la compa\u00f1\u00eda tiene un efecto positivo y duradero en la cultura organizacional.\" \/>\n<meta property=\"og:url\" content=\"https:\/\/www.serenty.es\/noticias\/claves-establecer-valores-corporativos-empresa\/\" \/>\n<meta property=\"og:site_name\" content=\"Serenty\" \/>\n<meta property=\"article:publisher\" content=\"https:\/\/www.facebook.com\/Serenty-1127927883973955\/\" \/>\n<meta property=\"article:published_time\" content=\"2024-06-07T12:16:30+00:00\" \/>\n<meta property=\"article:modified_time\" content=\"2024-07-01T11:15:10+00:00\" \/>\n<meta property=\"og:image\" content=\"https:\/\/www.serenty.es\/wp-content\/uploads\/2018\/02\/interiores-cultura-empresarial-02.jpg\" \/>\n\t<meta property=\"og:image:width\" content=\"1080\" \/>\n\t<meta property=\"og:image:height\" content=\"720\" \/>\n\t<meta property=\"og:image:type\" content=\"image\/jpeg\" \/>\n<meta name=\"author\" content=\"Serenty\" \/>\n<meta name=\"twitter:card\" content=\"summary_large_image\" \/>\n<meta name=\"twitter:creator\" content=\"@Serenty_ES\" \/>\n<meta name=\"twitter:site\" content=\"@Serenty_ES\" \/>\n<meta name=\"twitter:label1\" content=\"Written by\" \/>\n\t<meta name=\"twitter:data1\" content=\"Serenty\" \/>\n\t<meta name=\"twitter:label2\" content=\"Est. reading time\" \/>\n\t<meta name=\"twitter:data2\" content=\"3 minutes\" \/>\n<script type=\"application\/ld+json\" class=\"yoast-schema-graph\">{\"@context\":\"https:\/\/schema.org\",\"@graph\":[{\"@type\":\"Article\",\"@id\":\"https:\/\/www.serenty.es\/noticias\/claves-establecer-valores-corporativos-empresa\/#article\",\"isPartOf\":{\"@id\":\"https:\/\/www.serenty.es\/noticias\/claves-establecer-valores-corporativos-empresa\/\"},\"author\":{\"name\":\"Serenty\",\"@id\":\"https:\/\/www.serenty.es\/#\/schema\/person\/f1334186120c410d2fea7f150fa3584f\"},\"headline\":\"Claves para establecer valores corporativos en tu empresa.\",\"datePublished\":\"2024-06-07T12:16:30+00:00\",\"dateModified\":\"2024-07-01T11:15:10+00:00\",\"mainEntityOfPage\":{\"@id\":\"https:\/\/www.serenty.es\/noticias\/claves-establecer-valores-corporativos-empresa\/\"},\"wordCount\":433,\"commentCount\":0,\"publisher\":{\"@id\":\"https:\/\/www.serenty.es\/#organization\"},\"image\":{\"@id\":\"https:\/\/www.serenty.es\/noticias\/claves-establecer-valores-corporativos-empresa\/#primaryimage\"},\"thumbnailUrl\":\"https:\/\/www.serenty.es\/wp-content\/uploads\/2018\/02\/interiores-cultura-empresarial-02.jpg\",\"keywords\":[\"claves\",\"cultura empresarial\",\"ejemplos\",\"equipo\",\"ideas\",\"implementacion\",\"integracion\",\"valores\",\"valores corporativos\"],\"articleSection\":[\"Equipo Humano\",\"General\",\"Liderazgo\"],\"inLanguage\":\"en-US\",\"potentialAction\":[{\"@type\":\"CommentAction\",\"name\":\"Comment\",\"target\":[\"https:\/\/www.serenty.es\/noticias\/claves-establecer-valores-corporativos-empresa\/#respond\"]}]},{\"@type\":\"WebPage\",\"@id\":\"https:\/\/www.serenty.es\/noticias\/claves-establecer-valores-corporativos-empresa\/\",\"url\":\"https:\/\/www.serenty.es\/noticias\/claves-establecer-valores-corporativos-empresa\/\",\"name\":\"Valores corporativos: empresa - Serenty\",\"isPartOf\":{\"@id\":\"https:\/\/www.serenty.es\/#website\"},\"primaryImageOfPage\":{\"@id\":\"https:\/\/www.serenty.es\/noticias\/claves-establecer-valores-corporativos-empresa\/#primaryimage\"},\"image\":{\"@id\":\"https:\/\/www.serenty.es\/noticias\/claves-establecer-valores-corporativos-empresa\/#primaryimage\"},\"thumbnailUrl\":\"https:\/\/www.serenty.es\/wp-content\/uploads\/2018\/02\/interiores-cultura-empresarial-02.jpg\",\"datePublished\":\"2024-06-07T12:16:30+00:00\",\"dateModified\":\"2024-07-01T11:15:10+00:00\",\"description\":\"Desarrollar los valores corporativos desde el inicio de la compa\u00f1\u00eda tiene un efecto positivo y duradero en la cultura organizacional.\",\"breadcrumb\":{\"@id\":\"https:\/\/www.serenty.es\/noticias\/claves-establecer-valores-corporativos-empresa\/#breadcrumb\"},\"inLanguage\":\"en-US\",\"potentialAction\":[{\"@type\":\"ReadAction\",\"target\":[\"https:\/\/www.serenty.es\/noticias\/claves-establecer-valores-corporativos-empresa\/\"]}]},{\"@type\":\"ImageObject\",\"inLanguage\":\"en-US\",\"@id\":\"https:\/\/www.serenty.es\/noticias\/claves-establecer-valores-corporativos-empresa\/#primaryimage\",\"url\":\"https:\/\/www.serenty.es\/wp-content\/uploads\/2018\/02\/interiores-cultura-empresarial-02.jpg\",\"contentUrl\":\"https:\/\/www.serenty.es\/wp-content\/uploads\/2018\/02\/interiores-cultura-empresarial-02.jpg\",\"width\":1080,\"height\":720},{\"@type\":\"BreadcrumbList\",\"@id\":\"https:\/\/www.serenty.es\/noticias\/claves-establecer-valores-corporativos-empresa\/#breadcrumb\",\"itemListElement\":[{\"@type\":\"ListItem\",\"position\":1,\"name\":\"Inicio\",\"item\":\"https:\/\/www.serenty.es\/en\/\"},{\"@type\":\"ListItem\",\"position\":2,\"name\":\"Equipo Humano\",\"item\":\"https:\/\/www.serenty.es\/noticias\/categorias\/equipo-humano\/\"},{\"@type\":\"ListItem\",\"position\":3,\"name\":\"Claves para establecer valores corporativos en tu empresa.\"}]},{\"@type\":\"WebSite\",\"@id\":\"https:\/\/www.serenty.es\/#website\",\"url\":\"https:\/\/www.serenty.es\/\",\"name\":\"Serenty\",\"description\":\"We excel at Process Consulting\",\"publisher\":{\"@id\":\"https:\/\/www.serenty.es\/#organization\"},\"potentialAction\":[{\"@type\":\"SearchAction\",\"target\":{\"@type\":\"EntryPoint\",\"urlTemplate\":\"https:\/\/www.serenty.es\/?s={search_term_string}\"},\"query-input\":{\"@type\":\"PropertyValueSpecification\",\"valueRequired\":true,\"valueName\":\"search_term_string\"}}],\"inLanguage\":\"en-US\"},{\"@type\":\"Organization\",\"@id\":\"https:\/\/www.serenty.es\/#organization\",\"name\":\"Serenty\",\"url\":\"https:\/\/www.serenty.es\/\",\"logo\":{\"@type\":\"ImageObject\",\"inLanguage\":\"en-US\",\"@id\":\"https:\/\/www.serenty.es\/#\/schema\/logo\/image\/\",\"url\":\"https:\/\/www.serenty.es\/wp-content\/uploads\/2023\/06\/Logotipo_Serenty_CMYK.jpg\",\"contentUrl\":\"https:\/\/www.serenty.es\/wp-content\/uploads\/2023\/06\/Logotipo_Serenty_CMYK.jpg\",\"width\":1200,\"height\":900,\"caption\":\"Serenty\"},\"image\":{\"@id\":\"https:\/\/www.serenty.es\/#\/schema\/logo\/image\/\"},\"sameAs\":[\"https:\/\/www.facebook.com\/Serenty-1127927883973955\/\",\"https:\/\/x.com\/Serenty_ES\"]},{\"@type\":\"Person\",\"@id\":\"https:\/\/www.serenty.es\/#\/schema\/person\/f1334186120c410d2fea7f150fa3584f\",\"name\":\"Serenty\",\"image\":{\"@type\":\"ImageObject\",\"inLanguage\":\"en-US\",\"@id\":\"https:\/\/www.serenty.es\/#\/schema\/person\/image\/\",\"url\":\"https:\/\/secure.gravatar.com\/avatar\/5ab441e8f7970c9175302d2fcc76d994?s=96&d=mm&r=g\",\"contentUrl\":\"https:\/\/secure.gravatar.com\/avatar\/5ab441e8f7970c9175302d2fcc76d994?s=96&d=mm&r=g\",\"caption\":\"Serenty\"}}]}<\/script>\n<!-- \/ Yoast SEO plugin. -->","yoast_head_json":{"title":"Valores corporativos: empresa - Serenty","description":"Desarrollar los valores corporativos desde el inicio de la compa\u00f1\u00eda tiene un efecto positivo y duradero en la cultura organizacional.","robots":{"index":"index","follow":"follow","max-snippet":"max-snippet:-1","max-image-preview":"max-image-preview:large","max-video-preview":"max-video-preview:-1"},"canonical":"https:\/\/www.serenty.es\/noticias\/claves-establecer-valores-corporativos-empresa\/","og_locale":"en_US","og_type":"article","og_title":"Valores corporativos: empresa - Serenty","og_description":"Desarrollar los valores corporativos desde el inicio de la compa\u00f1\u00eda tiene un efecto positivo y duradero en la cultura organizacional.","og_url":"https:\/\/www.serenty.es\/noticias\/claves-establecer-valores-corporativos-empresa\/","og_site_name":"Serenty","article_publisher":"https:\/\/www.facebook.com\/Serenty-1127927883973955\/","article_published_time":"2024-06-07T12:16:30+00:00","article_modified_time":"2024-07-01T11:15:10+00:00","og_image":[{"width":1080,"height":720,"url":"https:\/\/www.serenty.es\/wp-content\/uploads\/2018\/02\/interiores-cultura-empresarial-02.jpg","type":"image\/jpeg"}],"author":"Serenty","twitter_card":"summary_large_image","twitter_creator":"@Serenty_ES","twitter_site":"@Serenty_ES","twitter_misc":{"Written by":"Serenty","Est. reading time":"3 minutes"},"schema":{"@context":"https:\/\/schema.org","@graph":[{"@type":"Article","@id":"https:\/\/www.serenty.es\/noticias\/claves-establecer-valores-corporativos-empresa\/#article","isPartOf":{"@id":"https:\/\/www.serenty.es\/noticias\/claves-establecer-valores-corporativos-empresa\/"},"author":{"name":"Serenty","@id":"https:\/\/www.serenty.es\/#\/schema\/person\/f1334186120c410d2fea7f150fa3584f"},"headline":"Claves para establecer valores corporativos en tu empresa.","datePublished":"2024-06-07T12:16:30+00:00","dateModified":"2024-07-01T11:15:10+00:00","mainEntityOfPage":{"@id":"https:\/\/www.serenty.es\/noticias\/claves-establecer-valores-corporativos-empresa\/"},"wordCount":433,"commentCount":0,"publisher":{"@id":"https:\/\/www.serenty.es\/#organization"},"image":{"@id":"https:\/\/www.serenty.es\/noticias\/claves-establecer-valores-corporativos-empresa\/#primaryimage"},"thumbnailUrl":"https:\/\/www.serenty.es\/wp-content\/uploads\/2018\/02\/interiores-cultura-empresarial-02.jpg","keywords":["claves","cultura empresarial","ejemplos","equipo","ideas","implementacion","integracion","valores","valores corporativos"],"articleSection":["Equipo Humano","General","Liderazgo"],"inLanguage":"en-US","potentialAction":[{"@type":"CommentAction","name":"Comment","target":["https:\/\/www.serenty.es\/noticias\/claves-establecer-valores-corporativos-empresa\/#respond"]}]},{"@type":"WebPage","@id":"https:\/\/www.serenty.es\/noticias\/claves-establecer-valores-corporativos-empresa\/","url":"https:\/\/www.serenty.es\/noticias\/claves-establecer-valores-corporativos-empresa\/","name":"Valores corporativos: empresa - Serenty","isPartOf":{"@id":"https:\/\/www.serenty.es\/#website"},"primaryImageOfPage":{"@id":"https:\/\/www.serenty.es\/noticias\/claves-establecer-valores-corporativos-empresa\/#primaryimage"},"image":{"@id":"https:\/\/www.serenty.es\/noticias\/claves-establecer-valores-corporativos-empresa\/#primaryimage"},"thumbnailUrl":"https:\/\/www.serenty.es\/wp-content\/uploads\/2018\/02\/interiores-cultura-empresarial-02.jpg","datePublished":"2024-06-07T12:16:30+00:00","dateModified":"2024-07-01T11:15:10+00:00","description":"Desarrollar los valores corporativos desde el inicio de la compa\u00f1\u00eda tiene un efecto positivo y duradero en la cultura organizacional.","breadcrumb":{"@id":"https:\/\/www.serenty.es\/noticias\/claves-establecer-valores-corporativos-empresa\/#breadcrumb"},"inLanguage":"en-US","potentialAction":[{"@type":"ReadAction","target":["https:\/\/www.serenty.es\/noticias\/claves-establecer-valores-corporativos-empresa\/"]}]},{"@type":"ImageObject","inLanguage":"en-US","@id":"https:\/\/www.serenty.es\/noticias\/claves-establecer-valores-corporativos-empresa\/#primaryimage","url":"https:\/\/www.serenty.es\/wp-content\/uploads\/2018\/02\/interiores-cultura-empresarial-02.jpg","contentUrl":"https:\/\/www.serenty.es\/wp-content\/uploads\/2018\/02\/interiores-cultura-empresarial-02.jpg","width":1080,"height":720},{"@type":"BreadcrumbList","@id":"https:\/\/www.serenty.es\/noticias\/claves-establecer-valores-corporativos-empresa\/#breadcrumb","itemListElement":[{"@type":"ListItem","position":1,"name":"Inicio","item":"https:\/\/www.serenty.es\/en\/"},{"@type":"ListItem","position":2,"name":"Equipo Humano","item":"https:\/\/www.serenty.es\/noticias\/categorias\/equipo-humano\/"},{"@type":"ListItem","position":3,"name":"Claves para establecer valores corporativos en tu empresa."}]},{"@type":"WebSite","@id":"https:\/\/www.serenty.es\/#website","url":"https:\/\/www.serenty.es\/","name":"Serenty","description":"We excel at Process Consulting","publisher":{"@id":"https:\/\/www.serenty.es\/#organization"},"potentialAction":[{"@type":"SearchAction","target":{"@type":"EntryPoint","urlTemplate":"https:\/\/www.serenty.es\/?s={search_term_string}"},"query-input":{"@type":"PropertyValueSpecification","valueRequired":true,"valueName":"search_term_string"}}],"inLanguage":"en-US"},{"@type":"Organization","@id":"https:\/\/www.serenty.es\/#organization","name":"Serenty","url":"https:\/\/www.serenty.es\/","logo":{"@type":"ImageObject","inLanguage":"en-US","@id":"https:\/\/www.serenty.es\/#\/schema\/logo\/image\/","url":"https:\/\/www.serenty.es\/wp-content\/uploads\/2023\/06\/Logotipo_Serenty_CMYK.jpg","contentUrl":"https:\/\/www.serenty.es\/wp-content\/uploads\/2023\/06\/Logotipo_Serenty_CMYK.jpg","width":1200,"height":900,"caption":"Serenty"},"image":{"@id":"https:\/\/www.serenty.es\/#\/schema\/logo\/image\/"},"sameAs":["https:\/\/www.facebook.com\/Serenty-1127927883973955\/","https:\/\/x.com\/Serenty_ES"]},{"@type":"Person","@id":"https:\/\/www.serenty.es\/#\/schema\/person\/f1334186120c410d2fea7f150fa3584f","name":"Serenty","image":{"@type":"ImageObject","inLanguage":"en-US","@id":"https:\/\/www.serenty.es\/#\/schema\/person\/image\/","url":"https:\/\/secure.gravatar.com\/avatar\/5ab441e8f7970c9175302d2fcc76d994?s=96&d=mm&r=g","contentUrl":"https:\/\/secure.gravatar.com\/avatar\/5ab441e8f7970c9175302d2fcc76d994?s=96&d=mm&r=g","caption":"Serenty"}}]}},"_links":{"self":[{"href":"https:\/\/www.serenty.es\/en\/wp-json\/wp\/v2\/posts\/12947"}],"collection":[{"href":"https:\/\/www.serenty.es\/en\/wp-json\/wp\/v2\/posts"}],"about":[{"href":"https:\/\/www.serenty.es\/en\/wp-json\/wp\/v2\/types\/post"}],"author":[{"embeddable":true,"href":"https:\/\/www.serenty.es\/en\/wp-json\/wp\/v2\/users\/2"}],"replies":[{"embeddable":true,"href":"https:\/\/www.serenty.es\/en\/wp-json\/wp\/v2\/comments?post=12947"}],"version-history":[{"count":11,"href":"https:\/\/www.serenty.es\/en\/wp-json\/wp\/v2\/posts\/12947\/revisions"}],"predecessor-version":[{"id":14236,"href":"https:\/\/www.serenty.es\/en\/wp-json\/wp\/v2\/posts\/12947\/revisions\/14236"}],"wp:featuredmedia":[{"embeddable":true,"href":"https:\/\/www.serenty.es\/en\/wp-json\/wp\/v2\/media\/12007"}],"wp:attachment":[{"href":"https:\/\/www.serenty.es\/en\/wp-json\/wp\/v2\/media?parent=12947"}],"wp:term":[{"taxonomy":"category","embeddable":true,"href":"https:\/\/www.serenty.es\/en\/wp-json\/wp\/v2\/categories?post=12947"},{"taxonomy":"post_tag","embeddable":true,"href":"https:\/\/www.serenty.es\/en\/wp-json\/wp\/v2\/tags?post=12947"}],"curies":[{"name":"wp","href":"https:\/\/api.w.org\/{rel}","templated":true}]}}