{"id":13409,"date":"2024-08-10T10:01:23","date_gmt":"2024-08-10T08:01:23","guid":{"rendered":"https:\/\/www.serenty.es\/?p=13409"},"modified":"2024-09-04T07:30:59","modified_gmt":"2024-09-04T05:30:59","slug":"la-planificacion-la-demanda","status":"publish","type":"post","link":"https:\/\/www.serenty.es\/en\/noticias\/la-planificacion-la-demanda\/","title":{"rendered":"El poder de la planificaci\u00f3n de la demanda"},"content":{"rendered":"<h2>Qu\u00e9 es la planificaci\u00f3n de la demanda<\/h2>\n<p>La planificaci\u00f3n de la demanda es esencial para optimizar las cadenas de suministro y maximizar la rentabilidad. Mediante t\u00e9cnicas de pron\u00f3stico y gesti\u00f3n, <strong>el objetivo es anticipar y satisfacer las necesidades de los clientes sin acumular inventario excesivo<\/strong>. Es crucial considerar factores como cambios econ\u00f3micos, clim\u00e1ticos y eventos globales, ya que estos pueden afectar la demanda.<\/p>\n<p>Para lograr una planificaci\u00f3n de la demanda precisa y efectiva, <strong>es importante emplear herramientas y t\u00e9cnicas adecuadas, como el an\u00e1lisis de datos hist\u00f3ricos, modelos estad\u00edsticos y la colaboraci\u00f3n con clientes y proveedores<\/strong>. Esto permite a las empresas adelantarse a las fluctuaciones del mercado y tomar decisiones informadas para equilibrar la oferta y la demanda.<\/p>\n<p>En resumen, la planificaci\u00f3n de la demanda es un proceso clave que ayuda a las empresas a adaptarse a las variaciones del entorno y mantener una cadena de suministro eficiente y rentable.<\/p>\n<p><img loading=\"lazy\" decoding=\"async\" class=\"aligncenter wp-image-13413 size-large\" src=\"https:\/\/www.serenty.es\/wp-content\/uploads\/2021\/07\/360_F_210992037_Qpvn5jFLVFYTh8mR2UayEBRj6jbe8jzP-1024x316.jpg\" alt=\"Planificaci\u00f3n de la demanda - Flujo\" width=\"840\" height=\"259\" srcset=\"https:\/\/www.serenty.es\/wp-content\/uploads\/2021\/07\/360_F_210992037_Qpvn5jFLVFYTh8mR2UayEBRj6jbe8jzP-1024x316.jpg 1024w, https:\/\/www.serenty.es\/wp-content\/uploads\/2021\/07\/360_F_210992037_Qpvn5jFLVFYTh8mR2UayEBRj6jbe8jzP-300x93.jpg 300w, https:\/\/www.serenty.es\/wp-content\/uploads\/2021\/07\/360_F_210992037_Qpvn5jFLVFYTh8mR2UayEBRj6jbe8jzP-768x237.jpg 768w, https:\/\/www.serenty.es\/wp-content\/uploads\/2021\/07\/360_F_210992037_Qpvn5jFLVFYTh8mR2UayEBRj6jbe8jzP.jpg 1167w\" sizes=\"(max-width: 840px) 100vw, 840px\" \/><\/p>\n<h2>La planificaci\u00f3n de la demanda abarca tres \u00e1reas principales<\/h2>\n<p>&nbsp;<\/p>\n<h3>Gesti\u00f3n de la cartera de productos<\/h3>\n<p>Se supervisa el ciclo de vida de los productos para analizar c\u00f3mo los nuevos lanzamientos pueden influir en la demanda global. <strong>El objetivo: optimizar la mezcla de productos para incrementar la participaci\u00f3n en el mercado<\/strong>.<\/p>\n<h3>Pron\u00f3stico estad\u00edstico<\/h3>\n<p>A trav\u00e9s del an\u00e1lisis de datos hist\u00f3ricos y el uso de algoritmos avanzados, se elaboran pron\u00f3sticos para la cadena de suministro. <strong>La precisi\u00f3n de los modelos y los patrones estacionales son cruciales en este proceso<\/strong>. Por ello, es vital que los pron\u00f3sticos se fundamenten en an\u00e1lisis exhaustivos y proyecciones a largo plazo.<\/p>\n<h3>Gesti\u00f3n de promoci\u00f3n comercial<\/h3>\n<p>Las <strong>promociones y eventos de marketing<\/strong>, particularmente en el sector minorista, <strong>pueden tener un impacto notable en la demanda de productos<\/strong>. Es crucial considerar estos factores al planificar la demanda. Tambi\u00e9n se debe tener en cuenta el calendario, la duraci\u00f3n y el alcance de las promociones para hacer ajustes precisos en la cadena de suministro.<\/p>\n<p>&nbsp;<\/p>\n<h2>4 aspectos importantes para implementar una planificaci\u00f3n de la demanda efectiva<\/h2>\n<p>&nbsp;<\/p>\n<ul>\n<li><strong>Seleccionar el software adecuado:<\/strong> Elegir un sistema de planificaci\u00f3n de recursos empresariales (ERP) apropiado es crucial para una gesti\u00f3n eficiente de la demanda. Es importante evaluar si el software puede manejar matices en los pron\u00f3sticos, como variaciones estacionales o tendencias espec\u00edficas de demanda. La reputaci\u00f3n del proveedor y la precisi\u00f3n de los pron\u00f3sticos generados por el software son factores clave a tener en cuenta durante la selecci\u00f3n.<\/li>\n<li><strong>Recopilar y preparar datos:<\/strong> Los datos son el motor de la planificaci\u00f3n de la demanda. Tener visibilidad en tiempo real de los movimientos de inventario y realizar la extracci\u00f3n y agregaci\u00f3n de datos son pasos vitales para identificar \u00e1reas de mejora.<\/li>\n<li><strong>Definir modelos de proceso:<\/strong> Establecer un proceso claro para la planificaci\u00f3n de la demanda es esencial para evitar desorganizaci\u00f3n y mejorar el rendimiento. Esto incluye pasos como la preparaci\u00f3n de datos, la elaboraci\u00f3n de pron\u00f3sticos iniciales y el ajuste de los pron\u00f3sticos finales.<\/li>\n<li><strong>Implementar y monitorear:<\/strong> Los planificadores de demanda exitosos crean una versi\u00f3n piloto del plan utilizando datos hist\u00f3ricos, realizan ajustes peri\u00f3dicos y cuentan con un equipo dedicado para implementar y supervisar el proceso.<\/li>\n<\/ul>\n<h4><\/h4>\n<h4><strong>Conclusi\u00f3n<\/strong><\/h4>\n<p>La planificaci\u00f3n de la demanda es un proceso din\u00e1mico que exige herramientas, informaci\u00f3n y procesos adecuados para asegurar la eficiencia en las cadenas de suministro y el \u00e9xito en el cumplimiento de las necesidades de los clientes. <strong>Adoptando un enfoque integral, las empresas pueden anticiparse a las fluctuaciones en la demanda, tomar decisiones informadas y optimizar sus operaciones.<\/strong><\/p>\n<p>La implementaci\u00f3n de sistemas de pron\u00f3stico precisos, el uso de datos hist\u00f3ricos y en tiempo real, y una colaboraci\u00f3n estrecha con socios comerciales son elementos fundamentales en este proceso.<\/p>\n<p>Adem\u00e1s, <strong>es crucial adaptarse a los cambios en el entorno<\/strong>, como las tendencias del mercado, factores econ\u00f3micos y eventos globales, para ajustar la planificaci\u00f3n de manera \u00e1gil. Al considerar estos aspectos, las empresas pueden optimizar sus inventarios, reducir costos y mejorar la satisfacci\u00f3n del cliente al entregar productos y servicios en el momento preciso.<\/p>\n<p>En resumen, la planificaci\u00f3n de la demanda es esencial para mantener una cadena de suministro eficiente y satisfacer las demandas cambiantes de los clientes, y requiere la implementaci\u00f3n de herramientas y procesos adecuados para lograr el \u00e9xito.<\/p>\n<p><a href=\"https:\/\/www.serenty.es\/en\/noticias\/\"><b>\u00a1No te pierdas art\u00edculos interesantes en nuestra web!<\/b><\/a><\/p>\n<p><strong>Descubre m\u00e1s sobre nosotros o ponte en contacto para consultar m\u00e1s informaci\u00f3n desde redes sociales:<\/strong><\/p>\n<ul>\n<li><a href=\"https:\/\/www.facebook.com\/SerentyConsulting\">Facebook.<\/a><\/li>\n<li><a href=\"https:\/\/twitter.com\/i\/flow\/login?redirect_after_login=%2FSerenty_ES\">Twitter.<\/a><\/li>\n<li><a href=\"https:\/\/www.linkedin.com\/company\/serenty-process-consulting\/\">Linkedin.<\/a><\/li>\n<\/ul>\n","protected":false},"excerpt":{"rendered":"<p>Qu\u00e9 es la planificaci\u00f3n de la demanda La planificaci\u00f3n de la demanda es esencial para optimizar las cadenas de suministro y maximizar la rentabilidad. Mediante t\u00e9cnicas de pron\u00f3stico y gesti\u00f3n, el objetivo es anticipar y satisfacer las necesidades de los&#8230;<\/p>\n","protected":false},"author":2,"featured_media":13414,"comment_status":"open","ping_status":"open","sticky":false,"template":"","format":"standard","meta":{"content-type":"","footnotes":""},"categories":[212,203,1,166,87,158],"tags":[],"yoast_head":"<!-- This site is optimized with the Yoast SEO plugin v23.5 - https:\/\/yoast.com\/wordpress\/plugins\/seo\/ -->\n<title>Planificaci\u00f3n de la demanda: cadena de suministro - Serenty<\/title>\n<meta name=\"description\" content=\"En este post conocer\u00e1s qu\u00e9 es la planificaci\u00f3n de la demanda y los aspectos principales para una implementaci\u00f3n efectiva en tu negocio.\" \/>\n<meta name=\"robots\" content=\"index, follow, max-snippet:-1, max-image-preview:large, max-video-preview:-1\" \/>\n<link rel=\"canonical\" href=\"https:\/\/www.serenty.es\/noticias\/la-planificacion-la-demanda\/\" \/>\n<meta property=\"og:locale\" content=\"en_US\" \/>\n<meta property=\"og:type\" content=\"article\" \/>\n<meta property=\"og:title\" content=\"Planificaci\u00f3n de la demanda: cadena de suministro - Serenty\" \/>\n<meta property=\"og:description\" content=\"En este post conocer\u00e1s qu\u00e9 es la planificaci\u00f3n de la demanda y los aspectos principales para una implementaci\u00f3n efectiva en tu negocio.\" \/>\n<meta property=\"og:url\" content=\"https:\/\/www.serenty.es\/noticias\/la-planificacion-la-demanda\/\" \/>\n<meta property=\"og:site_name\" content=\"Serenty\" \/>\n<meta property=\"article:publisher\" content=\"https:\/\/www.facebook.com\/Serenty-1127927883973955\/\" \/>\n<meta property=\"article:published_time\" content=\"2024-08-10T08:01:23+00:00\" \/>\n<meta property=\"article:modified_time\" content=\"2024-09-04T05:30:59+00:00\" \/>\n<meta property=\"og:image\" content=\"https:\/\/www.serenty.es\/wp-content\/uploads\/2021\/07\/580_bit201801311833257178.jpg\" \/>\n\t<meta property=\"og:image:width\" content=\"580\" \/>\n\t<meta property=\"og:image:height\" content=\"575\" \/>\n\t<meta property=\"og:image:type\" content=\"image\/jpeg\" \/>\n<meta name=\"author\" content=\"Serenty\" \/>\n<meta name=\"twitter:card\" content=\"summary_large_image\" \/>\n<meta name=\"twitter:creator\" content=\"@Serenty_ES\" \/>\n<meta name=\"twitter:site\" content=\"@Serenty_ES\" \/>\n<meta name=\"twitter:label1\" content=\"Written by\" \/>\n\t<meta name=\"twitter:data1\" content=\"Serenty\" \/>\n\t<meta name=\"twitter:label2\" content=\"Est. reading time\" \/>\n\t<meta name=\"twitter:data2\" content=\"4 minutes\" \/>\n<script type=\"application\/ld+json\" class=\"yoast-schema-graph\">{\"@context\":\"https:\/\/schema.org\",\"@graph\":[{\"@type\":\"Article\",\"@id\":\"https:\/\/www.serenty.es\/noticias\/la-planificacion-la-demanda\/#article\",\"isPartOf\":{\"@id\":\"https:\/\/www.serenty.es\/noticias\/la-planificacion-la-demanda\/\"},\"author\":{\"name\":\"Serenty\",\"@id\":\"https:\/\/www.serenty.es\/#\/schema\/person\/f1334186120c410d2fea7f150fa3584f\"},\"headline\":\"El poder de la planificaci\u00f3n de la demanda\",\"datePublished\":\"2024-08-10T08:01:23+00:00\",\"dateModified\":\"2024-09-04T05:30:59+00:00\",\"mainEntityOfPage\":{\"@id\":\"https:\/\/www.serenty.es\/noticias\/la-planificacion-la-demanda\/\"},\"wordCount\":792,\"commentCount\":0,\"publisher\":{\"@id\":\"https:\/\/www.serenty.es\/#organization\"},\"image\":{\"@id\":\"https:\/\/www.serenty.es\/noticias\/la-planificacion-la-demanda\/#primaryimage\"},\"thumbnailUrl\":\"https:\/\/www.serenty.es\/wp-content\/uploads\/2021\/07\/580_bit201801311833257178.jpg\",\"articleSection\":[\"Cadena de suministro\",\"ERP\",\"General\",\"Gesti\u00f3n de Almacenes\",\"Liderazgo\",\"Marketing\"],\"inLanguage\":\"en-US\",\"potentialAction\":[{\"@type\":\"CommentAction\",\"name\":\"Comment\",\"target\":[\"https:\/\/www.serenty.es\/noticias\/la-planificacion-la-demanda\/#respond\"]}]},{\"@type\":\"WebPage\",\"@id\":\"https:\/\/www.serenty.es\/noticias\/la-planificacion-la-demanda\/\",\"url\":\"https:\/\/www.serenty.es\/noticias\/la-planificacion-la-demanda\/\",\"name\":\"Planificaci\u00f3n de la demanda: cadena de suministro - Serenty\",\"isPartOf\":{\"@id\":\"https:\/\/www.serenty.es\/#website\"},\"primaryImageOfPage\":{\"@id\":\"https:\/\/www.serenty.es\/noticias\/la-planificacion-la-demanda\/#primaryimage\"},\"image\":{\"@id\":\"https:\/\/www.serenty.es\/noticias\/la-planificacion-la-demanda\/#primaryimage\"},\"thumbnailUrl\":\"https:\/\/www.serenty.es\/wp-content\/uploads\/2021\/07\/580_bit201801311833257178.jpg\",\"datePublished\":\"2024-08-10T08:01:23+00:00\",\"dateModified\":\"2024-09-04T05:30:59+00:00\",\"description\":\"En este post conocer\u00e1s qu\u00e9 es la planificaci\u00f3n de la demanda y los aspectos principales para una implementaci\u00f3n efectiva en tu negocio.\",\"breadcrumb\":{\"@id\":\"https:\/\/www.serenty.es\/noticias\/la-planificacion-la-demanda\/#breadcrumb\"},\"inLanguage\":\"en-US\",\"potentialAction\":[{\"@type\":\"ReadAction\",\"target\":[\"https:\/\/www.serenty.es\/noticias\/la-planificacion-la-demanda\/\"]}]},{\"@type\":\"ImageObject\",\"inLanguage\":\"en-US\",\"@id\":\"https:\/\/www.serenty.es\/noticias\/la-planificacion-la-demanda\/#primaryimage\",\"url\":\"https:\/\/www.serenty.es\/wp-content\/uploads\/2021\/07\/580_bit201801311833257178.jpg\",\"contentUrl\":\"https:\/\/www.serenty.es\/wp-content\/uploads\/2021\/07\/580_bit201801311833257178.jpg\",\"width\":580,\"height\":575},{\"@type\":\"BreadcrumbList\",\"@id\":\"https:\/\/www.serenty.es\/noticias\/la-planificacion-la-demanda\/#breadcrumb\",\"itemListElement\":[{\"@type\":\"ListItem\",\"position\":1,\"name\":\"Inicio\",\"item\":\"https:\/\/www.serenty.es\/en\/\"},{\"@type\":\"ListItem\",\"position\":2,\"name\":\"Cadena de suministro\",\"item\":\"https:\/\/www.serenty.es\/noticias\/categorias\/cadena-de-suministro\/\"},{\"@type\":\"ListItem\",\"position\":3,\"name\":\"El poder de la planificaci\u00f3n de la demanda\"}]},{\"@type\":\"WebSite\",\"@id\":\"https:\/\/www.serenty.es\/#website\",\"url\":\"https:\/\/www.serenty.es\/\",\"name\":\"Serenty\",\"description\":\"We excel at Process Consulting\",\"publisher\":{\"@id\":\"https:\/\/www.serenty.es\/#organization\"},\"potentialAction\":[{\"@type\":\"SearchAction\",\"target\":{\"@type\":\"EntryPoint\",\"urlTemplate\":\"https:\/\/www.serenty.es\/?s={search_term_string}\"},\"query-input\":{\"@type\":\"PropertyValueSpecification\",\"valueRequired\":true,\"valueName\":\"search_term_string\"}}],\"inLanguage\":\"en-US\"},{\"@type\":\"Organization\",\"@id\":\"https:\/\/www.serenty.es\/#organization\",\"name\":\"Serenty\",\"url\":\"https:\/\/www.serenty.es\/\",\"logo\":{\"@type\":\"ImageObject\",\"inLanguage\":\"en-US\",\"@id\":\"https:\/\/www.serenty.es\/#\/schema\/logo\/image\/\",\"url\":\"https:\/\/www.serenty.es\/wp-content\/uploads\/2023\/06\/Logotipo_Serenty_CMYK.jpg\",\"contentUrl\":\"https:\/\/www.serenty.es\/wp-content\/uploads\/2023\/06\/Logotipo_Serenty_CMYK.jpg\",\"width\":1200,\"height\":900,\"caption\":\"Serenty\"},\"image\":{\"@id\":\"https:\/\/www.serenty.es\/#\/schema\/logo\/image\/\"},\"sameAs\":[\"https:\/\/www.facebook.com\/Serenty-1127927883973955\/\",\"https:\/\/x.com\/Serenty_ES\"]},{\"@type\":\"Person\",\"@id\":\"https:\/\/www.serenty.es\/#\/schema\/person\/f1334186120c410d2fea7f150fa3584f\",\"name\":\"Serenty\",\"image\":{\"@type\":\"ImageObject\",\"inLanguage\":\"en-US\",\"@id\":\"https:\/\/www.serenty.es\/#\/schema\/person\/image\/\",\"url\":\"https:\/\/secure.gravatar.com\/avatar\/5ab441e8f7970c9175302d2fcc76d994?s=96&d=mm&r=g\",\"contentUrl\":\"https:\/\/secure.gravatar.com\/avatar\/5ab441e8f7970c9175302d2fcc76d994?s=96&d=mm&r=g\",\"caption\":\"Serenty\"}}]}<\/script>\n<!-- \/ Yoast SEO plugin. -->","yoast_head_json":{"title":"Planificaci\u00f3n de la demanda: cadena de suministro - Serenty","description":"En este post conocer\u00e1s qu\u00e9 es la planificaci\u00f3n de la demanda y los aspectos principales para una implementaci\u00f3n efectiva en tu negocio.","robots":{"index":"index","follow":"follow","max-snippet":"max-snippet:-1","max-image-preview":"max-image-preview:large","max-video-preview":"max-video-preview:-1"},"canonical":"https:\/\/www.serenty.es\/noticias\/la-planificacion-la-demanda\/","og_locale":"en_US","og_type":"article","og_title":"Planificaci\u00f3n de la demanda: cadena de suministro - Serenty","og_description":"En este post conocer\u00e1s qu\u00e9 es la planificaci\u00f3n de la demanda y los aspectos principales para una implementaci\u00f3n efectiva en tu negocio.","og_url":"https:\/\/www.serenty.es\/noticias\/la-planificacion-la-demanda\/","og_site_name":"Serenty","article_publisher":"https:\/\/www.facebook.com\/Serenty-1127927883973955\/","article_published_time":"2024-08-10T08:01:23+00:00","article_modified_time":"2024-09-04T05:30:59+00:00","og_image":[{"width":580,"height":575,"url":"https:\/\/www.serenty.es\/wp-content\/uploads\/2021\/07\/580_bit201801311833257178.jpg","type":"image\/jpeg"}],"author":"Serenty","twitter_card":"summary_large_image","twitter_creator":"@Serenty_ES","twitter_site":"@Serenty_ES","twitter_misc":{"Written by":"Serenty","Est. reading time":"4 minutes"},"schema":{"@context":"https:\/\/schema.org","@graph":[{"@type":"Article","@id":"https:\/\/www.serenty.es\/noticias\/la-planificacion-la-demanda\/#article","isPartOf":{"@id":"https:\/\/www.serenty.es\/noticias\/la-planificacion-la-demanda\/"},"author":{"name":"Serenty","@id":"https:\/\/www.serenty.es\/#\/schema\/person\/f1334186120c410d2fea7f150fa3584f"},"headline":"El poder de la planificaci\u00f3n de la demanda","datePublished":"2024-08-10T08:01:23+00:00","dateModified":"2024-09-04T05:30:59+00:00","mainEntityOfPage":{"@id":"https:\/\/www.serenty.es\/noticias\/la-planificacion-la-demanda\/"},"wordCount":792,"commentCount":0,"publisher":{"@id":"https:\/\/www.serenty.es\/#organization"},"image":{"@id":"https:\/\/www.serenty.es\/noticias\/la-planificacion-la-demanda\/#primaryimage"},"thumbnailUrl":"https:\/\/www.serenty.es\/wp-content\/uploads\/2021\/07\/580_bit201801311833257178.jpg","articleSection":["Cadena de suministro","ERP","General","Gesti\u00f3n de Almacenes","Liderazgo","Marketing"],"inLanguage":"en-US","potentialAction":[{"@type":"CommentAction","name":"Comment","target":["https:\/\/www.serenty.es\/noticias\/la-planificacion-la-demanda\/#respond"]}]},{"@type":"WebPage","@id":"https:\/\/www.serenty.es\/noticias\/la-planificacion-la-demanda\/","url":"https:\/\/www.serenty.es\/noticias\/la-planificacion-la-demanda\/","name":"Planificaci\u00f3n de la demanda: cadena de suministro - Serenty","isPartOf":{"@id":"https:\/\/www.serenty.es\/#website"},"primaryImageOfPage":{"@id":"https:\/\/www.serenty.es\/noticias\/la-planificacion-la-demanda\/#primaryimage"},"image":{"@id":"https:\/\/www.serenty.es\/noticias\/la-planificacion-la-demanda\/#primaryimage"},"thumbnailUrl":"https:\/\/www.serenty.es\/wp-content\/uploads\/2021\/07\/580_bit201801311833257178.jpg","datePublished":"2024-08-10T08:01:23+00:00","dateModified":"2024-09-04T05:30:59+00:00","description":"En este post conocer\u00e1s qu\u00e9 es la planificaci\u00f3n de la demanda y los aspectos principales para una implementaci\u00f3n efectiva en tu negocio.","breadcrumb":{"@id":"https:\/\/www.serenty.es\/noticias\/la-planificacion-la-demanda\/#breadcrumb"},"inLanguage":"en-US","potentialAction":[{"@type":"ReadAction","target":["https:\/\/www.serenty.es\/noticias\/la-planificacion-la-demanda\/"]}]},{"@type":"ImageObject","inLanguage":"en-US","@id":"https:\/\/www.serenty.es\/noticias\/la-planificacion-la-demanda\/#primaryimage","url":"https:\/\/www.serenty.es\/wp-content\/uploads\/2021\/07\/580_bit201801311833257178.jpg","contentUrl":"https:\/\/www.serenty.es\/wp-content\/uploads\/2021\/07\/580_bit201801311833257178.jpg","width":580,"height":575},{"@type":"BreadcrumbList","@id":"https:\/\/www.serenty.es\/noticias\/la-planificacion-la-demanda\/#breadcrumb","itemListElement":[{"@type":"ListItem","position":1,"name":"Inicio","item":"https:\/\/www.serenty.es\/en\/"},{"@type":"ListItem","position":2,"name":"Cadena de suministro","item":"https:\/\/www.serenty.es\/noticias\/categorias\/cadena-de-suministro\/"},{"@type":"ListItem","position":3,"name":"El poder de la planificaci\u00f3n de la demanda"}]},{"@type":"WebSite","@id":"https:\/\/www.serenty.es\/#website","url":"https:\/\/www.serenty.es\/","name":"Serenty","description":"We excel at Process Consulting","publisher":{"@id":"https:\/\/www.serenty.es\/#organization"},"potentialAction":[{"@type":"SearchAction","target":{"@type":"EntryPoint","urlTemplate":"https:\/\/www.serenty.es\/?s={search_term_string}"},"query-input":{"@type":"PropertyValueSpecification","valueRequired":true,"valueName":"search_term_string"}}],"inLanguage":"en-US"},{"@type":"Organization","@id":"https:\/\/www.serenty.es\/#organization","name":"Serenty","url":"https:\/\/www.serenty.es\/","logo":{"@type":"ImageObject","inLanguage":"en-US","@id":"https:\/\/www.serenty.es\/#\/schema\/logo\/image\/","url":"https:\/\/www.serenty.es\/wp-content\/uploads\/2023\/06\/Logotipo_Serenty_CMYK.jpg","contentUrl":"https:\/\/www.serenty.es\/wp-content\/uploads\/2023\/06\/Logotipo_Serenty_CMYK.jpg","width":1200,"height":900,"caption":"Serenty"},"image":{"@id":"https:\/\/www.serenty.es\/#\/schema\/logo\/image\/"},"sameAs":["https:\/\/www.facebook.com\/Serenty-1127927883973955\/","https:\/\/x.com\/Serenty_ES"]},{"@type":"Person","@id":"https:\/\/www.serenty.es\/#\/schema\/person\/f1334186120c410d2fea7f150fa3584f","name":"Serenty","image":{"@type":"ImageObject","inLanguage":"en-US","@id":"https:\/\/www.serenty.es\/#\/schema\/person\/image\/","url":"https:\/\/secure.gravatar.com\/avatar\/5ab441e8f7970c9175302d2fcc76d994?s=96&d=mm&r=g","contentUrl":"https:\/\/secure.gravatar.com\/avatar\/5ab441e8f7970c9175302d2fcc76d994?s=96&d=mm&r=g","caption":"Serenty"}}]}},"_links":{"self":[{"href":"https:\/\/www.serenty.es\/en\/wp-json\/wp\/v2\/posts\/13409"}],"collection":[{"href":"https:\/\/www.serenty.es\/en\/wp-json\/wp\/v2\/posts"}],"about":[{"href":"https:\/\/www.serenty.es\/en\/wp-json\/wp\/v2\/types\/post"}],"author":[{"embeddable":true,"href":"https:\/\/www.serenty.es\/en\/wp-json\/wp\/v2\/users\/2"}],"replies":[{"embeddable":true,"href":"https:\/\/www.serenty.es\/en\/wp-json\/wp\/v2\/comments?post=13409"}],"version-history":[{"count":15,"href":"https:\/\/www.serenty.es\/en\/wp-json\/wp\/v2\/posts\/13409\/revisions"}],"predecessor-version":[{"id":14269,"href":"https:\/\/www.serenty.es\/en\/wp-json\/wp\/v2\/posts\/13409\/revisions\/14269"}],"wp:featuredmedia":[{"embeddable":true,"href":"https:\/\/www.serenty.es\/en\/wp-json\/wp\/v2\/media\/13414"}],"wp:attachment":[{"href":"https:\/\/www.serenty.es\/en\/wp-json\/wp\/v2\/media?parent=13409"}],"wp:term":[{"taxonomy":"category","embeddable":true,"href":"https:\/\/www.serenty.es\/en\/wp-json\/wp\/v2\/categories?post=13409"},{"taxonomy":"post_tag","embeddable":true,"href":"https:\/\/www.serenty.es\/en\/wp-json\/wp\/v2\/tags?post=13409"}],"curies":[{"name":"wp","href":"https:\/\/api.w.org\/{rel}","templated":true}]}}